{"id":39225,"date":"2024-06-06T18:00:48","date_gmt":"2024-06-06T16:00:48","guid":{"rendered":"http:\/\/stripa.nu\/?p=39225"},"modified":"2024-11-02T18:03:35","modified_gmt":"2024-11-02T17:03:35","slug":"skvadron-pip-iv","status":"publish","type":"post","link":"https:\/\/stripa.nu\/?p=39225","title":{"rendered":"Skvadron Pip IV"},"content":{"rendered":"<p>I <a href=\"https:\/\/www.oslo.kommune.no\/bydeler\/bydel-ostensjo\/#gref\" target=\"_blank\" rel=\"noopener\">Bydel \u00d8stensj\u00f8<\/a> er det mange fine tur og fotosteder. Ett av dem som stikker seg ut, er \u00d8stensj\u00f8vannet.<br \/>\nDet er altfor lenge siden sist vi var her. Men denne v\u00e5rdagen pakket vi sekken med drikke, mat og fotost\u00e6sj. <a href=\"https:\/\/da.wikipedia.org\/wiki\/Fugle\" target=\"_blank\" rel=\"noopener\">Fuglene<\/a> var ikke s\u00e5 altfor mange. Men noen bilder ble det.<br \/>\n<!--more--><\/p>\n<p>Bildet ble tatt av <a href=\"http:\/\/stripa.nu\/?author=3\">FatZilla<\/a>.<br \/>\n<img loading=\"lazy\" decoding=\"async\" class=\"alignleft wp-image-39266 size-full\" src=\"http:\/\/stripa.nu\/wp-content\/uploads\/2024\/06\/Img_4347-01.jpg\" alt=\"\" width=\"678\" height=\"452\" srcset=\"https:\/\/stripa.nu\/wp-content\/uploads\/2024\/06\/Img_4347-01.jpg 678w, https:\/\/stripa.nu\/wp-content\/uploads\/2024\/06\/Img_4347-01-300x200.jpg 300w\" sizes=\"auto, (max-width: 678px) 100vw, 678px\" \/><br \/>\nKamera: <a href=\"https:\/\/en.wikipedia.org\/wiki\/Canon_EOS_40D\" target=\"_blank\" rel=\"noopener\">Canon 4OD<\/a><br \/>\nDato: 08.05.<a href=\"http:\/\/no.wikipedia.org\/wiki\/2024\" target=\"_blank\" rel=\"noopener noreferrer\">2024<\/a><br \/>\nKategori: <a href=\"https:\/\/no.wikipedia.org\/wiki\/Oslo\" target=\"_blank\" rel=\"noopener noreferrer\">Oslo<\/a>, <a href=\"http:\/\/www.ostensjovannet.no\/\" target=\"_blank\" rel=\"noopener\">\u00d8stensj\u00f8vannet<\/a>, <a href=\"https:\/\/da.wikipedia.org\/wiki\/For%C3%A5r\" target=\"_blank\" rel=\"noopener\">V\u00e5ren<\/a>, <a href=\"https:\/\/en.wikipedia.org\/wiki\/Bird\" target=\"_blank\" rel=\"noopener noreferrer\">Fugler<\/a><\/p>\n<p>Mye er forandret ved <a href=\"https:\/\/no.wikipedia.org\/wiki\/%C3%98stensj%C3%B8vannet\" target=\"_blank\" rel=\"noopener\">\u00d8stensj\u00f8vannet<\/a> siden forrige bes\u00f8k. Det meste til forbedring. Det vi stusset mest over, er at det var s\u00e5 fugler. Kan det v\u00e6re ettervirkninger av <a href=\"https:\/\/www.vetinst.no\/dyr\/vilt\/fugleinfluensa-i-norge\" target=\"_blank\" rel=\"noopener\">fugleinfluensaen<\/a> fra i vinter? Stripa h\u00e5per ikke det. For fugler er elskelige dyr og viktige for \u00f8kosystemet.<\/p>\n<p>Det blir flere bes\u00f8k utover h\u00f8sten. I 2025 blir \u00d8stensj\u00f8vannet og de forskjellige fugleartene <a href=\"https:\/\/www.ostensjovannet.no\/\" target=\"_blank\" rel=\"noopener\">her<\/a> et tema for oss. Hvor mange fuglearter det finnes der? Mer enn 230 i sitt slag. Kv\u00e6kk kv\u00e6kk!<\/p>\n<p><strong>Les ogs\u00e5<\/strong>:<\/p>\n<p>\u2022 <a href=\"https:\/\/en.wikipedia.org\/wiki\/Bird\" target=\"_blank\" rel=\"noopener\">Om Fugler<\/a> (Engelsk)<br \/>\n\u2022 <a href=\"https:\/\/en.wikipedia.org\/wiki\/Duck\" target=\"_blank\" rel=\"noopener\">Om ender<\/a> (Engelsk)<br \/>\n\u2022 <a href=\"https:\/\/en.wikipedia.org\/wiki\/Mallard\" target=\"_blank\" rel=\"noopener\">Om Stokkand<\/a> (Engelsk)<br \/>\n\u2022 <a href=\"https:\/\/en.wikipedia.org\/wiki\/Spring_(season)\" target=\"_blank\" rel=\"noopener\">Om V\u00e5ren<\/a> (Engelsk)<br \/>\n\u2022 <a href=\"http:\/\/stripa.nu\/?p=14275\">Om Fugleterapi<\/a><br \/>\n\u2022 <a href=\"https:\/\/no.wikipedia.org\/wiki\/%C3%98stensj%C3%B8vannet\" target=\"_blank\" rel=\"noopener\">Om \u00d8stensj\u00f8vannet<\/a><br \/>\n\u2022 <a href=\"http:\/\/stripa.nu\/?p=8211\">Fuglene<\/a><br \/>\n\u2022 <a href=\"http:\/\/stripa.nu\/?p=30281\">Kampen for tilv\u00e6relsen II<\/a><br \/>\n\u2022 <a href=\"http:\/\/stripa.nu\/?p=26223\">Kampen for tilv\u00e6relsen<\/a><br \/>\n\u2022 <a href=\"http:\/\/stripa.nu\/?page_id=1602\">Fotografi<\/a><a href=\"http:\/\/stripa.nu\/?p=6850\"><br \/>\n<\/a>\u2022 <a href=\"http:\/\/stripa.nu\/?cat=476\">Alle artikler om Foto<\/a><a href=\"http:\/\/stripa.nu\/?p=6850\"><br \/>\n<\/a>\u2022 <a href=\"http:\/\/stripa.nu\/?p=18412\">Hvorfor vannmerke?<\/a><a href=\"http:\/\/stripa.nu\/?p=6850\"><br \/>\n<\/a>\u2022 <a href=\"http:\/\/stripa.nu\/?p=6850\">Hvorfor ikke metadata?<\/a><\/p>\n<p>Artikkelen ble skrevet 06. <a href=\"https:\/\/en.wikipedia.org\/wiki\/June\" target=\"_blank\" rel=\"noopener\">Juni<\/a> <a href=\"https:\/\/no.wikipedia.org\/wiki\/2024\" target=\"_blank\" rel=\"noopener\">2024<\/a>, 18:00.<br \/>\nDen ble oppdatert 06. <a href=\"https:\/\/en.wikipedia.org\/wiki\/June\" target=\"_blank\" rel=\"noopener\">Juni<\/a> <a href=\"https:\/\/no.wikipedia.org\/wiki\/2024\" target=\"_blank\" rel=\"noopener\">2024<\/a>, 18:35.<\/p>\n","protected":false},"excerpt":{"rendered":"<div class=\"mh-excerpt\"><p>I Bydel \u00d8stensj\u00f8 er det mange fine tur og fotosteder. Ett av dem som stikker seg ut, er \u00d8stensj\u00f8vannet. Det er altfor lenge siden sist vi var her. Men denne v\u00e5rdagen pakket vi sekken med <a class=\"mh-excerpt-more\" href=\"https:\/\/stripa.nu\/?p=39225\" title=\"Skvadron Pip IV\">[&#8230;]<\/a><\/p>\n<\/div>","protected":false},"author":3,"featured_media":39265,"comment_status":"closed","ping_status":"open","sticky":false,"template":"","format":"image","meta":{"footnotes":""},"categories":[476],"tags":[3022,1588,73,203,28,10199,3797,1245,2045,1811,1210,2444,3377,8079,10113,10114,2408,1361,1744,4168,426,6701,11016,4971,1935,470,3368,1278,1290,471,4170,542,916,10200,1281,1754,832,1681,936,925,3875,232,11018,123,10485,1451,1674,505,469,1460,208,1346,1592,491,2508,1675,1666,8121,1665,11019,7855,3581,1559,6770,238,10132,10130,2499,2707,2683,1503,172,1493,472,603,2874,10375,496,69,10134,68,3234,10400,7856,186,4169,113,1589,2617,61,11013,11014,16,1820,1667,2967,2396,1679,1668,1930,10376,1933,11015,1280,3736,6,895,8840,104,79,2487,10138,10399,11017,101,10129],"class_list":{"0":"post-39225","1":"post","2":"type-post","3":"status-publish","4":"format-image","5":"has-post-thumbnail","7":"category-foto","8":"tag-3022","9":"tag-40d","10":"tag-action","11":"tag-actionfoto","12":"tag-aktuelt","13":"tag-amateurisme","14":"tag-and","15":"tag-bilde","16":"tag-bildegleder","17":"tag-bildegreier","18":"tag-bilder","19":"tag-bildestriper","20":"tag-bildet","21":"tag-boogah","22":"tag-broeff","23":"tag-broeffebroeff","24":"tag-broh","25":"tag-bruff","26":"tag-bruh","27":"tag-brutah","28":"tag-bubinga","29":"tag-bubingah","30":"tag-bydel-oestensjo","31":"tag-byfoto","32":"tag-byliv","33":"tag-canon","34":"tag-canon-eos","35":"tag-canon-eos-40d","36":"tag-canon-marina","37":"tag-canoned","38":"tag-daddah","39":"tag-dagligdags","40":"tag-dagliglivet","41":"tag-de-fire-aarstider","42":"tag-dslr","43":"tag-duh","44":"tag-dyr","45":"tag-dyrefoto","46":"tag-dyreliv","47":"tag-dyreriket","48":"tag-ender","49":"tag-fatzilla","50":"tag-fjaerkrae","51":"tag-foto","52":"tag-foto-fra-2024","53":"tag-fotofiklerier","54":"tag-fotogleder","55":"tag-fotografering","56":"tag-fotografi","57":"tag-fotoliv","58":"tag-fotomoro","59":"tag-fotostriper","60":"tag-friluftsliv","61":"tag-fritid","62":"tag-fugl","63":"tag-fugleliv","64":"tag-fuglene","65":"tag-fuglenes-verden","66":"tag-fugler","67":"tag-fugler-og-saant","68":"tag-fuglestriper","69":"tag-fugleterapi","70":"tag-goey","71":"tag-helt-canon","72":"tag-hobby","73":"tag-hobby-og-saant","74":"tag-hoeykultur","75":"tag-hovedstaden","76":"tag-hverdagsbilder","77":"tag-hverdagsfoto","78":"tag-hverdagslig","79":"tag-hverdagsliv","80":"tag-hverdagsstriper","81":"tag-illustrativ-kunst","82":"tag-ironi","83":"tag-juni","84":"tag-juni-2024","85":"tag-kritikk","86":"tag-kultur","87":"tag-kultur-og-saant","88":"tag-kulturgreier","89":"tag-mai","90":"tag-mai-2024","91":"tag-mallard","92":"tag-moro","93":"tag-mutah","94":"tag-naturen","95":"tag-naturfoto","96":"tag-naturlig","97":"tag-norge","98":"tag-oestensjo","99":"tag-oestensjovannet","100":"tag-oslo","101":"tag-pasjon","102":"tag-pip-pip","103":"tag-sis","104":"tag-sistah","105":"tag-skvadron","106":"tag-skvadron-pipip","107":"tag-sommer","108":"tag-sommeren-2024","109":"tag-sommerfoto","110":"tag-sommerfoto-2024","111":"tag-speilreflekskamera","112":"tag-stokkand","113":"tag-stripa","114":"tag-stripeliv","115":"tag-uh-ah-jah","116":"tag-uh-ja","117":"tag-underholdning","118":"tag-uttrykk","119":"tag-vaar","120":"tag-vaaren-2024","121":"tag-ved-oestensjovannet","122":"tag-verden","123":"tag-verden-og-saant","124":"post_format-post-format-image"},"_links":{"self":[{"href":"https:\/\/stripa.nu\/index.php?rest_route=\/wp\/v2\/posts\/39225","targetHints":{"allow":["GET"]}}],"collection":[{"href":"https:\/\/stripa.nu\/index.php?rest_route=\/wp\/v2\/posts"}],"about":[{"href":"https:\/\/stripa.nu\/index.php?rest_route=\/wp\/v2\/types\/post"}],"author":[{"embeddable":true,"href":"https:\/\/stripa.nu\/index.php?rest_route=\/wp\/v2\/users\/3"}],"replies":[{"embeddable":true,"href":"https:\/\/stripa.nu\/index.php?rest_route=%2Fwp%2Fv2%2Fcomments&post=39225"}],"version-history":[{"count":23,"href":"https:\/\/stripa.nu\/index.php?rest_route=\/wp\/v2\/posts\/39225\/revisions"}],"predecessor-version":[{"id":42964,"href":"https:\/\/stripa.nu\/index.php?rest_route=\/wp\/v2\/posts\/39225\/revisions\/42964"}],"wp:featuredmedia":[{"embeddable":true,"href":"https:\/\/stripa.nu\/index.php?rest_route=\/wp\/v2\/media\/39265"}],"wp:attachment":[{"href":"https:\/\/stripa.nu\/index.php?rest_route=%2Fwp%2Fv2%2Fmedia&parent=39225"}],"wp:term":[{"taxonomy":"category","embeddable":true,"href":"https:\/\/stripa.nu\/index.php?rest_route=%2Fwp%2Fv2%2Fcategories&post=39225"},{"taxonomy":"post_tag","embeddable":true,"href":"https:\/\/stripa.nu\/index.php?rest_route=%2Fwp%2Fv2%2Ftags&post=39225"}],"curies":[{"name":"wp","href":"https:\/\/api.w.org\/{rel}","templated":true}]}}