{"id":39401,"date":"2024-08-30T22:30:52","date_gmt":"2024-08-30T20:30:52","guid":{"rendered":"https:\/\/stripa.nu\/?p=39401"},"modified":"2024-09-03T00:02:55","modified_gmt":"2024-09-02T22:02:55","slug":"ved-odeon-paris-metro","status":"publish","type":"post","link":"https:\/\/stripa.nu\/?p=39401","title":{"rendered":"Ved Od\u00e9on \u2013 Paris Metro"},"content":{"rendered":"<p><a href=\"https:\/\/en.wikipedia.org\/wiki\/Od%C3%A9on_%28Paris_M%C3%A9tro%29\" target=\"_blank\" rel=\"noopener\">Od\u00e9on<\/a> er er en metrostasjon p\u00e5 <a href=\"http:\/\/en.wikipedia.org\/wiki\/Paris_M%C3%A9tro\" target=\"_blank\" rel=\"noopener\">Paris Metro<\/a>. Den ligger i n\u00e6rheten av <a href=\"https:\/\/en.wikipedia.org\/wiki\/Od%C3%A9on\" target=\"_blank\" rel=\"noopener\">Od\u00e9on Theater<\/a> i <a href=\"https:\/\/en.wikipedia.org\/wiki\/6th_arrondissement_of_Paris\" target=\"_blank\" rel=\"noopener\">6. bydel<\/a>. Stasjonen er ved en <a href=\"https:\/\/en.wikipedia.org\/wiki\/Rive_Gauche\" target=\"_blank\" rel=\"noopener\">side-elv<\/a> til Seinen. Daglig betjenes den av <a href=\"https:\/\/fr.wikipedia.org\/wiki\/Ligne_4_du_m%C3%A9tro_de_Paris\" target=\"_blank\" rel=\"noopener\">Linje 4<\/a> og <a href=\"https:\/\/fr.wikipedia.org\/wiki\/Ligne_10_du_m%C3%A9tro_de_Paris\" target=\"_blank\" rel=\"noopener\">10<\/a>. Den har fire spor i alt og p\u00e5 Linje 4 er det <a href=\"https:\/\/en.wikipedia.org\/wiki\/Platform_screen_doors\" target=\"_blank\" rel=\"noopener\">plattformsd\u00f8rer<\/a>. Merk at stasjonen ligger under <a href=\"https:\/\/en.wikipedia.org\/wiki\/Seine\" target=\"_blank\" rel=\"noopener\">Seinen<\/a>.<br \/>\n<!--more--><\/p>\n<p>Stasjonen ble \u00e5pnet 09.01.<a href=\"https:\/\/en.wikipedia.org\/wiki\/1910\" target=\"_blank\" rel=\"noopener\">1910<\/a> for Linje 4.<br \/>\nDen ble s\u00e5 \u00e5pnet 14.02.<a href=\"https:\/\/en.wikipedia.org\/wiki\/1926\" target=\"_blank\" rel=\"noopener\">1926<\/a> for Linje 10.<br \/>\n<iframe loading=\"lazy\" title=\"Od\u00e9on | Ligne 4 : M\u00e9tro de Paris ( RATP MP89 ) [2015]\" src=\"https:\/\/www.youtube.com\/embed\/ERfKimrPwi0\" width=\"678\" height=\"381\" frameborder=\"0\" allowfullscreen=\"allowfullscreen\"><\/iframe><br \/>\nFilmet av <a href=\"https:\/\/www.youtube.com\/channel\/UCMExwybtZrT8Bfk9pj9QDoQ\" target=\"_blank\" rel=\"noopener\">ACC84 Metro &amp; Trains<\/a>, 30.01.2016.<\/p>\n<p><strong>Les ogs\u00e5<\/strong>:<\/p>\n<p>\u2022 <a href=\"http:\/\/en.wikipedia.org\/wiki\/Paris_M%C3%A9tro\" target=\"_blank\" rel=\"noopener\">Om Paris Metro<\/a> (Engelsk)<br \/>\n\u2022 <a href=\"https:\/\/fr.wikipedia.org\/wiki\/M%C3%A9tro_de_Paris\" target=\"_blank\" rel=\"noopener\">Om Paris Metro<\/a> (Fransk)<br \/>\n\u2022 <a href=\"https:\/\/en.wikipedia.org\/wiki\/Od%C3%A9on_%28Paris_M%C3%A9tro%29\" target=\"_blank\" rel=\"noopener\">Om Od\u00e9on Metrostasjon<\/a> (Engelsk)<br \/>\n\u2022 <a href=\"https:\/\/fr.wikipedia.org\/wiki\/Od%C3%A9on_%28m%C3%A9tro_de_Paris%29\" target=\"_blank\" rel=\"noopener\">Om Od\u00e9on Metrostasjon<\/a> (Fransk)<br \/>\n\u2022 <a href=\"https:\/\/en.wikipedia.org\/wiki\/Paris_M%C3%A9tro_Line_4\" target=\"_blank\" rel=\"noopener\">Om Linje 4<\/a> (Engelsk)<br \/>\n\u2022 <a href=\"https:\/\/fr.wikipedia.org\/wiki\/Ligne_4_du_m%C3%A9tro_de_Paris\" target=\"_blank\" rel=\"noopener\">Om Linje 4<\/a> (Fransk)<br \/>\n\u2022 <a href=\"https:\/\/en.wikipedia.org\/wiki\/Paris_M%C3%A9tro_Line_10\" target=\"_blank\" rel=\"noopener\">Om Linje 10<\/a> (Engelsk)<br \/>\n\u2022 <a href=\"https:\/\/fr.wikipedia.org\/wiki\/Ligne_10_du_m%C3%A9tro_de_Paris\" target=\"_blank\" rel=\"noopener\">Om Linje 10<\/a> (Fransk)<br \/>\n\u2022 <a href=\"https:\/\/en.wikipedia.org\/wiki\/6th_arrondissement_of_Paris\" target=\"_blank\" rel=\"noopener\">Om Bydel 6<\/a> (Engelsk)<br \/>\n\u2022 <a href=\"https:\/\/fr.wikipedia.org\/wiki\/6e_arrondissement_de_Paris\" target=\"_blank\" rel=\"noopener\">Om Bydel 6<\/a> (Fransk)<br \/>\n\u2022 <a href=\"https:\/\/en.wikipedia.org\/wiki\/Od%C3%A9on\" target=\"_blank\" rel=\"noopener\">Om Od\u00e9on Theater<\/a> (Engelsk)<br \/>\n\u2022 <a href=\"https:\/\/fr.wikipedia.org\/wiki\/Th%C3%A9%C3%A2tre_de_l'Od%C3%A9on\" target=\"_blank\" rel=\"noopener\">Om Od\u00e9on Theater<\/a> (Fransk)<br \/>\n\u2022 <a href=\"https:\/\/en.wikipedia.org\/wiki\/Seine\" target=\"_blank\" rel=\"noopener\">Om Seinen<\/a> (Engelsk)<br \/>\n\u2022 <a href=\"https:\/\/fr.wikipedia.org\/wiki\/Seine\" target=\"_blank\" rel=\"noopener\">Om La Seine<\/a> (Fransk)<br \/>\n\u2022 <a href=\"https:\/\/en.wikipedia.org\/wiki\/Rive_Gauche\" target=\"_blank\" rel=\"noopener\">Om Venstre-elven<\/a> (Engelsk)<br \/>\n\u2022 <a href=\"https:\/\/fr.wikipedia.org\/wiki\/Rive_gauche_%28Paris%29\" target=\"_blank\" rel=\"noopener\">Om Rive Gauche<\/a> (Fransk)<br \/>\n\u2022 <a href=\"https:\/\/en.wikipedia.org\/wiki\/MP_89\" target=\"_blank\" rel=\"noopener\">Om MP-89 togene<\/a> (Engelsk)<br \/>\n\u2022 <a href=\"https:\/\/fr.wikipedia.org\/wiki\/MP_89\" target=\"_blank\" rel=\"noopener\">Om MP-89 togene<\/a> (Fransk)<br \/>\n\u2022 <a href=\"https:\/\/youtu.be\/ERfKimrPwi0\" target=\"_blank\" rel=\"noopener\">Videoen i linkformat<\/a><br \/>\n\u2022 <a href=\"https:\/\/commons.wikimedia.org\/wiki\/Category:Od%C3%A9on_(Paris_Metro)\" target=\"_blank\" rel=\"noopener\">Bilder fra stasjonen<\/a><\/p>\n<p>Artikkelen ble skrevet 30. <a href=\"https:\/\/en.wikipedia.org\/wiki\/August\" target=\"_blank\" rel=\"noopener\">August<\/a> <a href=\"https:\/\/no.wikipedia.org\/wiki\/2024\" target=\"_blank\" rel=\"noopener\">2024<\/a>, 22:30.<br \/>\nDen ble oppdatert 30. <a href=\"https:\/\/en.wikipedia.org\/wiki\/August\" target=\"_blank\" rel=\"noopener\">August<\/a> <a href=\"https:\/\/no.wikipedia.org\/wiki\/2024\" target=\"_blank\" rel=\"noopener\">2024<\/a>, 22:45.<\/p>\n","protected":false},"excerpt":{"rendered":"<div class=\"mh-excerpt\"><p>Od\u00e9on er er en metrostasjon p\u00e5 Paris Metro. Den ligger i n\u00e6rheten av Od\u00e9on Theater i 6. bydel. Stasjonen er ved en side-elv til Seinen. Daglig betjenes den av Linje 4 og 10. Den har <a class=\"mh-excerpt-more\" href=\"https:\/\/stripa.nu\/?p=39401\" title=\"Ved Od\u00e9on \u2013 Paris Metro\">[&#8230;]<\/a><\/p>\n<\/div>","protected":false},"author":3,"featured_media":39450,"comment_status":"closed","ping_status":"open","sticky":false,"template":"","format":"video","meta":{"footnotes":""},"categories":[6217],"tags":[5687,6258,10143,1056,3367,17,3022,11090,73,249,8494,28,1368,10774,10168,10113,10114,2408,1361,1744,4168,426,6701,11091,4170,542,916,1754,206,207,232,520,11086,75,458,459,250,123,1575,3389,491,2046,238,10132,10233,10773,10130,1871,1503,172,1493,1448,1676,11085,9575,3596,69,10134,68,3592,3583,1626,10374,198,1867,3078,186,5692,4169,359,463,61,3143,11083,11082,16,2669,2670,9293,11084,5675,3105,1901,4166,11088,3588,2967,2396,11092,6,895,213,12,2711,3594,5400,5153,5056,79,10249,11089,101,239,2363,517,5689,11087,3860,2427,3559,3035],"class_list":{"0":"post-39401","1":"post","2":"type-post","3":"status-publish","4":"format-video","5":"has-post-thumbnail","7":"category-undergrunn","8":"tag-5687","9":"tag-6258","10":"tag-2010-aarene","11":"tag-2010-tallet","12":"tag-2010s","13":"tag-17","14":"tag-3022","15":"tag-6-bydel","16":"tag-action","17":"tag-actionfilming","18":"tag-ah-uh-yeah","19":"tag-aktuelt","20":"tag-august","21":"tag-august-2024","22":"tag-boomboom","23":"tag-broeff","24":"tag-broeffebroeff","25":"tag-broh","26":"tag-bruff","27":"tag-bruh","28":"tag-brutah","29":"tag-bubinga","30":"tag-bubingah","31":"tag-bydel-6","32":"tag-daddah","33":"tag-dagligdags","34":"tag-dagliglivet","35":"tag-duh","36":"tag-eu","37":"tag-europa","38":"tag-fatzilla","39":"tag-februar","40":"tag-februar-1926","41":"tag-film","42":"tag-filmgleder","43":"tag-filming","44":"tag-filmmoro","45":"tag-foto","46":"tag-frankrike","47":"tag-franskt","48":"tag-fritid","49":"tag-herlig","50":"tag-hobby","51":"tag-hobby-og-saant","52":"tag-hoest","53":"tag-hoesten-2024","54":"tag-hoeykultur","55":"tag-hverdagsfilming","56":"tag-hverdagslig","57":"tag-hverdagsliv","58":"tag-hverdagsstriper","59":"tag-interesse","60":"tag-januar","61":"tag-januar-1910","62":"tag-januar-2016","63":"tag-kollektivtrafikk-i-paris","64":"tag-kultur","65":"tag-kultur-og-saant","66":"tag-kulturgreier","67":"tag-la-seine","68":"tag-linje-10","69":"tag-linje-4","70":"tag-meetro-de-paris","71":"tag-metro","72":"tag-metrofilming","73":"tag-metrostriper","74":"tag-moro","75":"tag-mp-89","76":"tag-mutah","77":"tag-nerdegreier","78":"tag-nerderier","79":"tag-norge","80":"tag-ny-posting","81":"tag-odeon-metrostasjon","82":"tag-odeon-theater","83":"tag-oslo","84":"tag-paris","85":"tag-paris-metro","86":"tag-paris-sentrum","87":"tag-plattformsdoerer","88":"tag-ratp","89":"tag-re-posting","90":"tag-retro","91":"tag-retro-style","92":"tag-rive-gauche","93":"tag-seinen","94":"tag-sis","95":"tag-sistah","96":"tag-sjette-bydel","97":"tag-stripa","98":"tag-stripeliv","99":"tag-t-bane","100":"tag-t-banen","101":"tag-t-banenerd","102":"tag-trafikkalt","103":"tag-ugah-buggah","104":"tag-uh-jah","105":"tag-uh-jah-man","106":"tag-underholdning","107":"tag-ut-paa-tur","108":"tag-venstreelven","109":"tag-verden","110":"tag-video","111":"tag-videostriper","112":"tag-vinter","113":"tag-vinteren-1910","114":"tag-vinteren-1926","115":"tag-vinteren-2016","116":"tag-yea","117":"tag-yeah","118":"tag-youtube","119":"post_format-post-format-video"},"_links":{"self":[{"href":"https:\/\/stripa.nu\/index.php?rest_route=\/wp\/v2\/posts\/39401","targetHints":{"allow":["GET"]}}],"collection":[{"href":"https:\/\/stripa.nu\/index.php?rest_route=\/wp\/v2\/posts"}],"about":[{"href":"https:\/\/stripa.nu\/index.php?rest_route=\/wp\/v2\/types\/post"}],"author":[{"embeddable":true,"href":"https:\/\/stripa.nu\/index.php?rest_route=\/wp\/v2\/users\/3"}],"replies":[{"embeddable":true,"href":"https:\/\/stripa.nu\/index.php?rest_route=%2Fwp%2Fv2%2Fcomments&post=39401"}],"version-history":[{"count":17,"href":"https:\/\/stripa.nu\/index.php?rest_route=\/wp\/v2\/posts\/39401\/revisions"}],"predecessor-version":[{"id":39475,"href":"https:\/\/stripa.nu\/index.php?rest_route=\/wp\/v2\/posts\/39401\/revisions\/39475"}],"wp:featuredmedia":[{"embeddable":true,"href":"https:\/\/stripa.nu\/index.php?rest_route=\/wp\/v2\/media\/39450"}],"wp:attachment":[{"href":"https:\/\/stripa.nu\/index.php?rest_route=%2Fwp%2Fv2%2Fmedia&parent=39401"}],"wp:term":[{"taxonomy":"category","embeddable":true,"href":"https:\/\/stripa.nu\/index.php?rest_route=%2Fwp%2Fv2%2Fcategories&post=39401"},{"taxonomy":"post_tag","embeddable":true,"href":"https:\/\/stripa.nu\/index.php?rest_route=%2Fwp%2Fv2%2Ftags&post=39401"}],"curies":[{"name":"wp","href":"https:\/\/api.w.org\/{rel}","templated":true}]}}