{"id":39940,"date":"2024-09-19T21:00:07","date_gmt":"2024-09-19T19:00:07","guid":{"rendered":"http:\/\/stripa.nu\/?p=39940"},"modified":"2024-09-22T01:36:54","modified_gmt":"2024-09-21T23:36:54","slug":"ved-veggen","status":"publish","type":"post","link":"https:\/\/stripa.nu\/?p=39940","title":{"rendered":"Ved veggen"},"content":{"rendered":"<p>I filmen &laquo;<a href=\"https:\/\/en.wikipedia.org\/wiki\/National_Treasure_(film)\" target=\"_blank\" rel=\"noopener\">National Treasure<\/a>&raquo; brukes ordlyden &laquo;Heeree at the wall&raquo; for \u00e5 forklare frimurernes skjulte skatter. I dagligtale brukes ordet: \u00e5 m\u00f8te veggen ofte. \u00c5 st\u00e5 ved veggen, ikke komme seg videre eller kjenne p\u00e5 isolasjon. Avsmak og <a href=\"https:\/\/en.wikipedia.org\/wiki\/Disgust\" target=\"_blank\" rel=\"noopener\">avsky<\/a> for et samfunn i fritt fall.<br \/>\n<!--more--><\/p>\n<p>Kan dette ha v\u00e6rt grunnen til at <a href=\"https:\/\/en.wikipedia.org\/wiki\/Roger_Waters\" target=\"_blank\" rel=\"noopener\">Roger Waters<\/a> skrev &laquo;The Wall&raquo;?<\/p>\n<p><strong>Veggen da og idag<\/strong><\/p>\n<p>At <a href=\"https:\/\/en.wikipedia.org\/wiki\/Pink_Floyd\" target=\"_blank\" rel=\"noopener\">Pink Floyds<\/a> konsertopplevelser med b\u00f8llete fans i 1977 satte sine spor, det er hevet over all tvil. Selvp\u00e5f\u00f8rt isolasjon etter traumatiske opplevelser eller tap av en pappa. Joda, vi kjenner til konseptet bak en av bandets mestselgende <a href=\"https:\/\/en.wikipedia.org\/wiki\/The_Wall\" target=\"_blank\" rel=\"noopener\">album<\/a> noensinne. Mange har kjent p\u00e5 dette og behovet for \u00e5 trekke seg tilbake. Spol frem til 2024.<\/p>\n<p>Til et samfunn der <a href=\"http:\/\/news.bbc.co.uk\/2\/hi\/health\/7635423.stm\" target=\"_blank\" rel=\"noopener\">kaldheten<\/a>, pengejag, botox, overfladiskhet, perversitet og l\u00f8gn over en lav sko, regjerer. Det er mange som velger \u00e5 isolere seg fra andre og trekke seg unna samfunnet. Det er ikke vanskelig \u00e5 forst\u00e5, desverre. Kilde til en <a href=\"https:\/\/en.wikipedia.org\/wiki\/Wall\" target=\"_blank\" rel=\"noopener\">vegg<\/a>.<\/p>\n<p><strong>Vegg mellom oss<\/strong><\/p>\n<p>Den andre veggen er skillet mellom folk. Skapt av uenigheter, krangler, misforst\u00e5elser, avsky eller avsmak. Psykologi, Narsissisme, <a href=\"https:\/\/en.wikipedia.org\/wiki\/Social_control\" target=\"_blank\" rel=\"noopener\">sosial kontroll<\/a> eller behovet for \u00e5 holde andre nede. Det foreg\u00e5r i politikken, p\u00e5 skolen, arbeidsplassen, p\u00e5 fritiden og i altfor mange familier. Det skaper en mur mellom mennesker. Verden har ikke l\u00e6rt av etterkrigstiden, <a href=\"https:\/\/en.wikipedia.org\/wiki\/Berlin_Wall\" target=\"_blank\" rel=\"noopener\">Berlinmurens<\/a> begynnelse eller fallet.<br \/>\n<img loading=\"lazy\" decoding=\"async\" class=\"alignleft wp-image-40279 size-full\" title=\"Her, ved veggen. Foto: FatZilla.\" src=\"http:\/\/stripa.nu\/wp-content\/uploads\/2024\/09\/PXL_20240916_142755734.MP_.jpg\" alt=\"\" width=\"678\" height=\"381\" srcset=\"https:\/\/stripa.nu\/wp-content\/uploads\/2024\/09\/PXL_20240916_142755734.MP_.jpg 678w, https:\/\/stripa.nu\/wp-content\/uploads\/2024\/09\/PXL_20240916_142755734.MP_-300x169.jpg 300w\" sizes=\"auto, (max-width: 678px) 100vw, 678px\" \/><br \/>\nKanskje holdningene v\u00e5re vil at det skal v\u00e6re en viss avstand mellom oss? Under Coronatiden i 2020 og 2021 s\u00e5 man at folk villig lot seg <a href=\"https:\/\/en.wikipedia.org\/wiki\/COVID-19_lockdowns\" target=\"_blank\" rel=\"noopener\">isolere<\/a> og anga de som stanget ved veggen. Mange stanger ved veggen og f\u00f8ler seg isolert eller stengt ute. Av venneflokken, <a href=\"https:\/\/musimorphic.com\/how-to-deal-with-feeling-isolated-from-your-family\/\" target=\"_blank\" rel=\"noopener\">familien<\/a> eller kollegaene.<\/p>\n<p><strong>Mot en ny sti<\/strong><\/p>\n<p>\u00c5 st\u00e5 ved veggen kan ogs\u00e5 bety at man vil bryte. Med m\u00f8nstre, uvaner, gamle rutiner eller usunne forhold. Det v\u00e6re seg <a href=\"https:\/\/www.calm.com\/blog\/toxic-relationships\" target=\"_blank\" rel=\"noopener\">kj\u00e6resteforhold<\/a>, forlovelse, ekteskap, d\u00e5rlig vennskap eller en livsstil man ikke lenger kan st\u00e5 inne for. Mennesket t\u00e5ler en viss psykologi. Det viste <a href=\"https:\/\/en.wikipedia.org\/wiki\/Fall_of_the_Berlin_Wall\" target=\"_blank\" rel=\"noopener\">Berlinmurens fall<\/a> i 1989 og at kommunismens klamme jerngrep m\u00e5tte slippe taket.<\/p>\n<p>Det kommer til et punkt, der man st\u00e5r ved veggen. Den m\u00e5 ned, <a href=\"https:\/\/en.wikipedia.org\/wiki\/The_Trial_(song)\" target=\"_blank\" rel=\"noopener\">vekk<\/a> og skal rives. \u00c5 g\u00e5 videre i livet, oppleve nye ting og ikke la seg kue mer. \u00c5 st\u00e5 ved veggen er aldri s\u00e6rlig godt. Det er best \u00e5 rive den ned og leve livet. Man har tross alt ett av den.<\/p>\n<p><strong>Fordi<\/strong>: Vi m\u00e5 ha <a href=\"https:\/\/www.webpsykologen.no\/artikler\/339-grenser-er-det-viktigste-vi-har\/\" target=\"_blank\" rel=\"noopener\">grenser<\/a>, men murer som holder mennesket nede, trengs ikke mer. Aldri mer 1961.<\/p>\n<p>Artikkelen ble skrevet 19. <a href=\"https:\/\/en.wikipedia.org\/wiki\/September\" target=\"_blank\" rel=\"noopener\">September<\/a> <a href=\"https:\/\/no.wikipedia.org\/wiki\/2024\" target=\"_blank\" rel=\"noopener\">2024<\/a>, 21:00.<br \/>\nDen ble oppdatert 19. <a href=\"https:\/\/en.wikipedia.org\/wiki\/September\" target=\"_blank\" rel=\"noopener\">September<\/a> <a href=\"https:\/\/no.wikipedia.org\/wiki\/2024\" target=\"_blank\" rel=\"noopener\">2024<\/a>, 21:15.<\/p>\n","protected":false},"excerpt":{"rendered":"<div class=\"mh-excerpt\"><p>I filmen &laquo;National Treasure&raquo; brukes ordlyden &laquo;Heeree at the wall&raquo; for \u00e5 forklare frimurernes skjulte skatter. I dagligtale brukes ordet: \u00e5 m\u00f8te veggen ofte. \u00c5 st\u00e5 ved veggen, ikke komme seg videre eller kjenne p\u00e5 <a class=\"mh-excerpt-more\" href=\"https:\/\/stripa.nu\/?p=39940\" title=\"Ved veggen\">[&#8230;]<\/a><\/p>\n<\/div>","protected":false},"author":3,"featured_media":40278,"comment_status":"closed","ping_status":"open","sticky":false,"template":"","format":"standard","meta":{"footnotes":""},"categories":[2,22],"tags":[6428,2079,3022,11375,28,11372,11373,196,11342,11344,1761,10113,10114,2408,1361,1744,4168,426,6701,3007,4170,542,916,11343,1754,666,10349,10773,1503,172,1615,11374,496,4246,2380,10225,18,697,705,633,1654,4169,11341,10188,61,16,10949,5917,8073,102,10190,495,10296,544,1480,11112,2967,2396,6,895,1105,7581,8725,11340,7578,667,101,10129,706,10506],"class_list":{"0":"post-39940","1":"post","2":"type-post","3":"status-publish","4":"format-standard","5":"has-post-thumbnail","7":"category-feltloggings","8":"category-ufiltra","9":"tag-6428","10":"tag-2079","11":"tag-3022","12":"tag-aa-moete-veggen","13":"tag-aktuelt","14":"tag-avsky","15":"tag-avsmak","16":"tag-berlin","17":"tag-berlinmuren","18":"tag-berlinmurens-fall","19":"tag-betraktninger","20":"tag-broeff","21":"tag-broeffebroeff","22":"tag-broh","23":"tag-bruff","24":"tag-bruh","25":"tag-brutah","26":"tag-bubinga","27":"tag-bubingah","28":"tag-covid-19","29":"tag-daddah","30":"tag-dagligdags","31":"tag-dagliglivet","32":"tag-die-muhr","33":"tag-duh","34":"tag-familie","35":"tag-hoesten","36":"tag-hoesten-2024","37":"tag-hverdagslig","38":"tag-hverdagsliv","39":"tag-kald-verden","40":"tag-kollegaer","41":"tag-kritikk","42":"tag-kynisme","43":"tag-livet","44":"tag-livet-og-saant","45":"tag-media","46":"tag-medier","47":"tag-meninger","48":"tag-moral","49":"tag-moral-og-etikk","50":"tag-mutah","51":"tag-narsissisme","52":"tag-nett-paa-sak","53":"tag-norge","54":"tag-oslo","55":"tag-pandemien","56":"tag-pink-floyd","57":"tag-psykologi","58":"tag-rablerier","59":"tag-rett-paa-sak","60":"tag-samfunn","61":"tag-samfunnet-og-saant","62":"tag-sarkasme","63":"tag-september","64":"tag-september-2024","65":"tag-sis","66":"tag-sistah","67":"tag-stripa","68":"tag-stripeliv","69":"tag-tanker","70":"tag-the-wall","71":"tag-uggah-buggah","72":"tag-ved-veggen","73":"tag-veggen","74":"tag-venner","75":"tag-verden","76":"tag-verden-og-saant","77":"tag-vi-mener","78":"tag-vi-kritiserer"},"_links":{"self":[{"href":"https:\/\/stripa.nu\/index.php?rest_route=\/wp\/v2\/posts\/39940","targetHints":{"allow":["GET"]}}],"collection":[{"href":"https:\/\/stripa.nu\/index.php?rest_route=\/wp\/v2\/posts"}],"about":[{"href":"https:\/\/stripa.nu\/index.php?rest_route=\/wp\/v2\/types\/post"}],"author":[{"embeddable":true,"href":"https:\/\/stripa.nu\/index.php?rest_route=\/wp\/v2\/users\/3"}],"replies":[{"embeddable":true,"href":"https:\/\/stripa.nu\/index.php?rest_route=%2Fwp%2Fv2%2Fcomments&post=39940"}],"version-history":[{"count":26,"href":"https:\/\/stripa.nu\/index.php?rest_route=\/wp\/v2\/posts\/39940\/revisions"}],"predecessor-version":[{"id":40280,"href":"https:\/\/stripa.nu\/index.php?rest_route=\/wp\/v2\/posts\/39940\/revisions\/40280"}],"wp:featuredmedia":[{"embeddable":true,"href":"https:\/\/stripa.nu\/index.php?rest_route=\/wp\/v2\/media\/40278"}],"wp:attachment":[{"href":"https:\/\/stripa.nu\/index.php?rest_route=%2Fwp%2Fv2%2Fmedia&parent=39940"}],"wp:term":[{"taxonomy":"category","embeddable":true,"href":"https:\/\/stripa.nu\/index.php?rest_route=%2Fwp%2Fv2%2Fcategories&post=39940"},{"taxonomy":"post_tag","embeddable":true,"href":"https:\/\/stripa.nu\/index.php?rest_route=%2Fwp%2Fv2%2Ftags&post=39940"}],"curies":[{"name":"wp","href":"https:\/\/api.w.org\/{rel}","templated":true}]}}