{"id":40749,"date":"2024-09-27T21:00:51","date_gmt":"2024-09-27T19:00:51","guid":{"rendered":"https:\/\/stripa.nu\/?p=40749"},"modified":"2024-10-21T00:07:34","modified_gmt":"2024-10-20T22:07:34","slug":"praha-om-kvelden","status":"publish","type":"post","link":"https:\/\/stripa.nu\/?p=40749","title":{"rendered":"Praha om kvelden"},"content":{"rendered":"<p>P\u00e5 denne tiden ifjor, s\u00e5 var vi p\u00e5 ferie i Praha. Det var en spesiell opplevelse i en verdensby som oser over av historie. <a href=\"http:\/\/stripa.nu\/?page_id=592\">Stripa<\/a> storkoste seg og dagene gikk altfor fort. Slik de alltid gj\u00f8r i godt selskap.<br \/>\nFotomessig var niv\u00e5et v\u00e5rt heller <a href=\"https:\/\/en.wikipedia.org\/wiki\/Mid-range\" target=\"_blank\" rel=\"noopener\">s\u00e5 der<\/a>.<br \/>\n<!--more--><\/p>\n<p>Bildet ble tatt av <a href=\"http:\/\/stripa.nu\/?author=3\">FatZilla<\/a>.<br \/>\n<img loading=\"lazy\" decoding=\"async\" class=\"alignleft wp-image-40794 size-full\" title=\"Praha om kvelden. Foto: FatZilla.\" src=\"http:\/\/stripa.nu\/wp-content\/uploads\/2024\/09\/PXL_20230925_180515792-00.jpg\" alt=\"\" width=\"678\" height=\"423\" srcset=\"https:\/\/stripa.nu\/wp-content\/uploads\/2024\/09\/PXL_20230925_180515792-00.jpg 678w, https:\/\/stripa.nu\/wp-content\/uploads\/2024\/09\/PXL_20230925_180515792-00-300x187.jpg 300w\" sizes=\"auto, (max-width: 678px) 100vw, 678px\" \/><br \/>\nKamera: <a href=\"https:\/\/www.gsmarena.com\/google_pixel_7_pro-11908.php\" target=\"_blank\" rel=\"noopener\">Google Pixel Pro 7<\/a><br \/>\nDato: 25.09.<a href=\"http:\/\/no.wikipedia.org\/wiki\/2023\" target=\"_blank\" rel=\"noopener noreferrer\">2023<\/a><br \/>\nKategori: <a href=\"https:\/\/sv.wikipedia.org\/wiki\/Prag\" target=\"_blank\" rel=\"noopener\">Praha<\/a>, <a href=\"https:\/\/sv.wikipedia.org\/wiki\/Tjeckien\" target=\"_blank\" rel=\"noopener\">Tsjekkia<\/a>, <a href=\"https:\/\/de.wikipedia.org\/wiki\/Herbst\" target=\"_blank\" rel=\"noopener\">H\u00f8sten<\/a>, <a href=\"https:\/\/en.wikipedia.org\/wiki\/Night\" target=\"_blank\" rel=\"noopener\">Kveld<\/a><br \/>\nSted: <a href=\"https:\/\/www.praha.eu\/jnp\/en\/index.html\" target=\"_blank\" rel=\"noopener\">Praha<\/a>, <a href=\"https:\/\/en.wikipedia.org\/wiki\/Czech_Republic\" target=\"_blank\" rel=\"noopener\">Tsjekkia<\/a><\/p>\n<p><a href=\"https:\/\/praha.eu\/\" target=\"_blank\" rel=\"noopener\">Praha<\/a> befinner seg i Sentral-Europa og er en verdensby. Med sine 1,4 millioner innbyggere, gamleby og en ny moderne del av byen. Vekst versus masse og rik <a href=\"https:\/\/en.wikipedia.org\/wiki\/History_of_Prague\" target=\"_blank\" rel=\"noopener\">historie<\/a>. Her er det vakre bygninger og landskap p\u00e5 alle kanter, som skriker etter \u00e5 bli tatt bilder av.<\/p>\n<p>Det eneste som la demper p\u00e5 turen, var at v\u00e5r <a href=\"https:\/\/www.canon.no\/lenses\/ef-s-17-85mm-f-4-5-6-is-usm-lens\/\" target=\"_blank\" rel=\"noopener\">Canon ES-17-85<\/a> mm objektiv r\u00f8k. N\u00e5 ett \u00e5r senere, er det konstatert at det er d\u00f8dt. Men slike ting f\u00f8lger med en stort sett givende hobby.<\/p>\n<p><strong>Les ogs\u00e5<\/strong>:<\/p>\n<p>\u2022 <a href=\"https:\/\/en.wikipedia.org\/wiki\/Prague\" target=\"_blank\" rel=\"noopener\">Om Praha<\/a> (Engelsk)<br \/>\n\u2022 <a href=\"https:\/\/praha.eu\/\" target=\"_blank\" rel=\"noopener\">Byens nettsider<\/a><br \/>\n\u2022 <a href=\"https:\/\/en.wikipedia.org\/wiki\/Charles_Bridge\" target=\"_blank\" rel=\"noopener\">Om Karlsbroa<\/a> (Engelsk)<br \/>\n\u2022 <a href=\"http:\/\/stripa.nu\/?p=35067\">V\u00e5r reisereportasje<\/a><br \/>\n\u2022 <a href=\"https:\/\/en.wikipedia.org\/wiki\/Vltava\" target=\"_blank\" rel=\"noopener\">Om Vitava<\/a> (Engelsk)<br \/>\n\u2022 <a href=\"https:\/\/en.wikipedia.org\/wiki\/Central_Europe\" target=\"_blank\" rel=\"noopener\">Om Sentral-Europa<\/a> (Engelsk)<br \/>\n\u2022 <a href=\"https:\/\/en.wikipedia.org\/wiki\/Old_Town_(Prague)\" target=\"_blank\" rel=\"noopener\">Om Prahas gamleby<\/a> (Engelsk)<br \/>\n\u2022 <a href=\"https:\/\/en.wikipedia.org\/wiki\/Autumn\" target=\"_blank\" rel=\"noopener\">Om H\u00f8sten<\/a> (Engelsk)<br \/>\n\u2022 <a href=\"https:\/\/en.wikipedia.org\/wiki\/Czech_Republic\" target=\"_blank\" rel=\"noopener\">Om Tsjekkia<\/a> (Engelsk)<br \/>\n\u2022 <a href=\"https:\/\/www.visitczechia.com\/en-us\" target=\"_blank\" rel=\"noopener\">Landets nettsider<\/a><br \/>\n\u2022 <a href=\"http:\/\/stripa.nu\/?page_id=1602\">Fotografi<\/a><br \/>\n\u2022 <a href=\"http:\/\/stripa.nu\/?cat=476\">Alle artikler om Foto<\/a><br \/>\n\u2022 <a href=\"http:\/\/stripa.nu\/?p=6850\">Hvorfor ikke metadata?<\/a><\/p>\n<p>Artikkelen ble skrevet 27. <a href=\"https:\/\/en.wikipedia.org\/wiki\/September\" target=\"_blank\" rel=\"noopener\">September<\/a> <a href=\"https:\/\/no.wikipedia.org\/wiki\/2024\" target=\"_blank\" rel=\"noopener\">2024<\/a>, 21:00.<br \/>\nDen ble oppdatert 27. <a href=\"https:\/\/en.wikipedia.org\/wiki\/September\" target=\"_blank\" rel=\"noopener\">September<\/a> <a href=\"https:\/\/no.wikipedia.org\/wiki\/2024\" target=\"_blank\" rel=\"noopener\">2024<\/a>, 21:15.<\/p>\n","protected":false},"excerpt":{"rendered":"<div class=\"mh-excerpt\"><p>P\u00e5 denne tiden ifjor, s\u00e5 var vi p\u00e5 ferie i Praha. Det var en spesiell opplevelse i en verdensby som oser over av historie. Stripa storkoste seg og dagene gikk altfor fort. Slik de alltid <a class=\"mh-excerpt-more\" href=\"https:\/\/stripa.nu\/?p=40749\" title=\"Praha om kvelden\">[&#8230;]<\/a><\/p>\n<\/div>","protected":false},"author":3,"featured_media":40793,"comment_status":"closed","ping_status":"open","sticky":false,"template":"","format":"image","meta":{"footnotes":""},"categories":[476],"tags":[8907,3022,28,10199,9543,1245,2045,1811,1210,2444,3377,10113,10114,2408,1361,1744,4168,426,6701,6691,4170,542,916,1754,232,909,9676,910,123,9225,1451,1674,505,469,1460,208,1346,1592,491,9768,9765,9741,9764,1559,9537,9538,10095,10233,10234,10773,10130,2683,1503,172,1493,9683,9684,9682,69,10134,68,2418,4200,11480,1341,1342,4950,1633,4169,61,687,16,8513,9742,686,9677,8403,1480,9544,11112,2967,2396,4962,3148,6688,6,10914,895,6418,79,2487,101,10129,10915,9743],"class_list":{"0":"post-40749","1":"post","2":"type-post","3":"status-publish","4":"format-image","5":"has-post-thumbnail","7":"category-foto","8":"tag-8907","9":"tag-3022","10":"tag-aktuelt","11":"tag-amateurisme","12":"tag-amerikatelefon","13":"tag-bilde","14":"tag-bildegleder","15":"tag-bildegreier","16":"tag-bilder","17":"tag-bildestriper","18":"tag-bildet","19":"tag-broeff","20":"tag-broeffebroeff","21":"tag-broh","22":"tag-bruff","23":"tag-bruh","24":"tag-brutah","25":"tag-bubinga","26":"tag-bubingah","27":"tag-bubingha","28":"tag-daddah","29":"tag-dagligdags","30":"tag-dagliglivet","31":"tag-duh","32":"tag-fatzilla","33":"tag-ferie","34":"tag-feriestriper","35":"tag-ferietid","36":"tag-foto","37":"tag-foto-fra-2023","38":"tag-fotofiklerier","39":"tag-fotogleder","40":"tag-fotografering","41":"tag-fotografi","42":"tag-fotoliv","43":"tag-fotomoro","44":"tag-fotostriper","45":"tag-friluftsliv","46":"tag-fritid","47":"tag-fritidsstriper","48":"tag-gamle-praha","49":"tag-gamlebyen","50":"tag-globalt","51":"tag-goey","52":"tag-google","53":"tag-google-pixel-pro-7","54":"tag-googletelefon","55":"tag-hoest","56":"tag-hoesten-2023","57":"tag-hoesten-2024","58":"tag-hoeykultur","59":"tag-hverdagsfoto","60":"tag-hverdagslig","61":"tag-hverdagsliv","62":"tag-hverdagsstriper","63":"tag-karlova","64":"tag-karlova-7","65":"tag-karlsbroen","66":"tag-kultur","67":"tag-kultur-og-saant","68":"tag-kulturgreier","69":"tag-kveld","70":"tag-kveldstid","71":"tag-middelmaadighet","72":"tag-mobil","73":"tag-mobilfoto","74":"tag-mobilkamera","75":"tag-mobiltelefon","76":"tag-mutah","77":"tag-norge","78":"tag-opplevelser","79":"tag-oslo","80":"tag-praha","81":"tag-prahas-gamleby","82":"tag-reise","83":"tag-reisestriper","84":"tag-sentral-europa","85":"tag-september","86":"tag-september-2023","87":"tag-september-2024","88":"tag-sis","89":"tag-sistah","90":"tag-smarttelefon","91":"tag-stemning","92":"tag-stemninger","93":"tag-stripa","94":"tag-stripa-paa-ferie","95":"tag-stripeliv","96":"tag-tsjekkia","97":"tag-underholdning","98":"tag-uttrykk","99":"tag-verden","100":"tag-verden-og-saant","101":"tag-vi-er-paa-ferie","102":"tag-viteva","103":"post_format-post-format-image"},"_links":{"self":[{"href":"https:\/\/stripa.nu\/index.php?rest_route=\/wp\/v2\/posts\/40749","targetHints":{"allow":["GET"]}}],"collection":[{"href":"https:\/\/stripa.nu\/index.php?rest_route=\/wp\/v2\/posts"}],"about":[{"href":"https:\/\/stripa.nu\/index.php?rest_route=\/wp\/v2\/types\/post"}],"author":[{"embeddable":true,"href":"https:\/\/stripa.nu\/index.php?rest_route=\/wp\/v2\/users\/3"}],"replies":[{"embeddable":true,"href":"https:\/\/stripa.nu\/index.php?rest_route=%2Fwp%2Fv2%2Fcomments&post=40749"}],"version-history":[{"count":28,"href":"https:\/\/stripa.nu\/index.php?rest_route=\/wp\/v2\/posts\/40749\/revisions"}],"predecessor-version":[{"id":42231,"href":"https:\/\/stripa.nu\/index.php?rest_route=\/wp\/v2\/posts\/40749\/revisions\/42231"}],"wp:featuredmedia":[{"embeddable":true,"href":"https:\/\/stripa.nu\/index.php?rest_route=\/wp\/v2\/media\/40793"}],"wp:attachment":[{"href":"https:\/\/stripa.nu\/index.php?rest_route=%2Fwp%2Fv2%2Fmedia&parent=40749"}],"wp:term":[{"taxonomy":"category","embeddable":true,"href":"https:\/\/stripa.nu\/index.php?rest_route=%2Fwp%2Fv2%2Fcategories&post=40749"},{"taxonomy":"post_tag","embeddable":true,"href":"https:\/\/stripa.nu\/index.php?rest_route=%2Fwp%2Fv2%2Ftags&post=40749"}],"curies":[{"name":"wp","href":"https:\/\/api.w.org\/{rel}","templated":true}]}}