{"id":45566,"date":"2025-05-18T21:00:47","date_gmt":"2025-05-18T19:00:47","guid":{"rendered":"https:\/\/stripa.nu\/?p=45566"},"modified":"2025-07-20T22:12:57","modified_gmt":"2025-07-20T20:12:57","slug":"hettemake-i-svevet-ii","status":"publish","type":"post","link":"https:\/\/stripa.nu\/?p=45566","title":{"rendered":"Hettem\u00e5ke i svevet II"},"content":{"rendered":"<p><a href=\"https:\/\/no.wikipedia.org\/wiki\/%C3%98stensj%C3%B8vannet\" target=\"_blank\" rel=\"noopener\">\u00d8stensj\u00f8vannet<\/a> er aldri feil. Vi g\u00e5r tilbake i arkivet med hele 11 \u00e5r. Dagens bilde er beslektet med <a href=\"https:\/\/stripa.nu\/?p=40581\">dette<\/a>. Bare i omvendt rekkef\u00f8lge. Fugler, fugleterapi og actionfoto. Det skal bli mer av s\u00e5nt fremover.<br \/>\nTing er (nesten) normalt igjen.<\/p>\n<p>Bildet ble tatt av <a href=\"http:\/\/stripa.nu\/?author=3\">FatZilla<\/a>.<br \/>\n<img loading=\"lazy\" decoding=\"async\" class=\"alignleft size-full wp-image-45592\" src=\"http:\/\/stripa.nu\/wp-content\/uploads\/2025\/05\/Img_2905-01.jpg\" alt=\"\" width=\"678\" height=\"452\" srcset=\"https:\/\/stripa.nu\/wp-content\/uploads\/2025\/05\/Img_2905-01.jpg 678w, https:\/\/stripa.nu\/wp-content\/uploads\/2025\/05\/Img_2905-01-300x200.jpg 300w\" sizes=\"auto, (max-width: 678px) 100vw, 678px\" \/><br \/>\nKamera: <a href=\"https:\/\/en.wikipedia.org\/wiki\/Canon_EOS_40D\" target=\"_blank\" rel=\"noopener\">Canon 4OD<\/a><br \/>\nDato: 28.04.<a href=\"http:\/\/no.wikipedia.org\/wiki\/2014\" target=\"_blank\" rel=\"noopener noreferrer\">2014<\/a><br \/>\nKategori: <a href=\"https:\/\/no.wikipedia.org\/wiki\/Oslo\" target=\"_blank\" rel=\"noopener noreferrer\">Oslo<\/a>, <a href=\"http:\/\/www.ostensjovannet.no\/\" target=\"_blank\" rel=\"noopener\">\u00d8stensj\u00f8vannet<\/a>, <a href=\"https:\/\/da.wikipedia.org\/wiki\/For%C3%A5r\" target=\"_blank\" rel=\"noopener\">V\u00e5ren<\/a>, <a href=\"https:\/\/en.wikipedia.org\/wiki\/Bird\" target=\"_blank\" rel=\"noopener noreferrer\">Fugler<\/a><\/p>\n<p>Lyden av fugler som <a href=\"https:\/\/en.wikipedia.org\/wiki\/Bird_vocalization\" target=\"_blank\" rel=\"noopener\">kvitrer<\/a>, sval deilig luft og det bl\u00e5 lyset. Bare f\u00f8lelsen av \u00e5 v\u00e6re 20 kilo lettere.<br \/>\n<a href=\"https:\/\/sv.wikipedia.org\/wiki\/V%C3%A5r\" target=\"_blank\" rel=\"noopener\">V\u00e5ren<\/a> har en slik effekt. Da var det ut p\u00e5 tur med kamera, matpakke og kald som varm drikke.<\/p>\n<p>Vente p\u00e5 det rette <a href=\"https:\/\/en.wikipedia.org\/wiki\/Snapshot_(photography)\" target=\"_blank\" rel=\"noopener\">\u00f8yeblikket<\/a> og knipse i vei. Ble ikke s\u00e5 altfor galt tross alt. Det gjelder \u00e5 treffe og v\u00e6re st\u00f8 p\u00e5 h\u00e5nden.<\/p>\n<p><strong>Les ogs\u00e5<\/strong>:<\/p>\n<p>\u2022 <a href=\"https:\/\/en.wikipedia.org\/wiki\/Bird\" target=\"_blank\" rel=\"noopener\">Om Fugler<\/a> (Engelsk)<br \/>\n\u2022 <a href=\"https:\/\/en.wikipedia.org\/wiki\/Brown-hooded_gull\" target=\"_blank\" rel=\"noopener\">Om Hettem\u00e5ker<\/a> (Engelsk)<br \/>\n\u2022 <a href=\"https:\/\/en.wikipedia.org\/wiki\/Gull\" target=\"_blank\" rel=\"noopener\">Om M\u00e5ker<\/a> (Engelsk)<br \/>\n\u2022 <a href=\"https:\/\/en.wikipedia.org\/wiki\/Spring_(season)\" target=\"_blank\" rel=\"noopener\">Om V\u00e5ren<\/a> (Engelsk)<br \/>\n\u2022 <a href=\"http:\/\/stripa.nu\/?p=14275\">Om Fugleterapi<\/a><br \/>\n\u2022 <a href=\"https:\/\/no.wikipedia.org\/wiki\/%C3%98stensj%C3%B8vannet\" target=\"_blank\" rel=\"noopener\">Om \u00d8stensj\u00f8vannet<\/a><br \/>\n\u2022 <a href=\"http:\/\/stripa.nu\/?p=8211\">Fuglene<\/a><br \/>\n\u2022 <a href=\"https:\/\/stripa.nu\/?p=40581\">Hettem\u00e5ke i svevet<\/a><br \/>\n\u2022 <a href=\"http:\/\/stripa.nu\/?page_id=1602\">Fotografi<\/a><a href=\"http:\/\/stripa.nu\/?p=6850\"><br \/>\n<\/a>\u2022 <a href=\"http:\/\/stripa.nu\/?cat=476\">Alle artikler om Foto<\/a><a href=\"http:\/\/stripa.nu\/?p=6850\"><br \/>\n<\/a>\u2022 <a href=\"http:\/\/stripa.nu\/?p=18412\">Hvorfor vannmerke?<\/a><a href=\"http:\/\/stripa.nu\/?p=6850\"><br \/>\n<\/a>\u2022 <a href=\"http:\/\/stripa.nu\/?p=6850\">Hvorfor ikke metadata?<\/a><\/p>\n<p>Artikkelen ble skrevet 18. <a href=\"https:\/\/en.wikipedia.org\/wiki\/Mai\" target=\"_blank\" rel=\"noopener\">Mai<\/a> <a href=\"https:\/\/no.wikipedia.org\/wiki\/2025\" target=\"_blank\" rel=\"noopener\">2025<\/a>, 21:00.<br \/>\nDen ble oppdatert 18. <a href=\"https:\/\/en.wikipedia.org\/wiki\/Mai\" target=\"_blank\" rel=\"noopener\">Mai<\/a> <a href=\"https:\/\/no.wikipedia.org\/wiki\/2025\" target=\"_blank\" rel=\"noopener\">2025<\/a>, 21:10.<\/p>\n","protected":false},"excerpt":{"rendered":"<div class=\"mh-excerpt\"><p>\u00d8stensj\u00f8vannet er aldri feil. Vi g\u00e5r tilbake i arkivet med hele 11 \u00e5r. Dagens bilde er beslektet med dette. Bare i omvendt rekkef\u00f8lge. Fugler, fugleterapi og actionfoto. Det skal bli mer av s\u00e5nt fremover. Ting <a class=\"mh-excerpt-more\" href=\"https:\/\/stripa.nu\/?p=45566\" title=\"Hettem\u00e5ke i svevet II\">[&#8230;]<\/a><\/p>\n<\/div>","protected":false},"author":3,"featured_media":45593,"comment_status":"closed","ping_status":"open","sticky":false,"template":"","format":"image","meta":{"footnotes":""},"categories":[476],"tags":[10143,1056,3367,1063,12079,1588,73,203,28,10199,1838,5060,1245,2045,1811,1210,1678,2444,3377,1673,8079,10113,10114,2408,1361,1744,4168,426,6701,11016,4971,1935,470,3368,1278,471,4170,542,916,10200,1281,1754,832,1681,936,925,232,11018,123,3303,1451,1674,505,469,1460,208,1346,1592,491,2508,1675,1666,8121,1665,11019,7855,3581,1559,6770,11999,12000,238,10132,10130,2499,2707,2683,1503,172,1493,12662,69,10134,68,12663,10687,3234,12183,186,4169,113,1589,2617,61,11013,11014,16,1820,1667,2967,2396,1280,6,895,8840,104,79,2487,10138,12632,12664,11017,101,10129],"class_list":{"0":"post-45566","1":"post","2":"type-post","3":"status-publish","4":"format-image","5":"has-post-thumbnail","7":"category-foto","8":"tag-2010-aarene","9":"tag-2010-tallet","10":"tag-2010s","11":"tag-1063","12":"tag-12079","13":"tag-40d","14":"tag-action","15":"tag-actionfoto","16":"tag-aktuelt","17":"tag-amateurisme","18":"tag-april","19":"tag-april-2014","20":"tag-bilde","21":"tag-bildegleder","22":"tag-bildegreier","23":"tag-bilder","24":"tag-bildeserie","25":"tag-bildestriper","26":"tag-bildet","27":"tag-billedserie","28":"tag-boogah","29":"tag-broeff","30":"tag-broeffebroeff","31":"tag-broh","32":"tag-bruff","33":"tag-bruh","34":"tag-brutah","35":"tag-bubinga","36":"tag-bubingah","37":"tag-bydel-oestensjo","38":"tag-byfoto","39":"tag-byliv","40":"tag-canon","41":"tag-canon-eos","42":"tag-canon-eos-40d","43":"tag-canoned","44":"tag-daddah","45":"tag-dagligdags","46":"tag-dagliglivet","47":"tag-de-fire-aarstider","48":"tag-dslr","49":"tag-duh","50":"tag-dyr","51":"tag-dyrefoto","52":"tag-dyreliv","53":"tag-dyreriket","54":"tag-fatzilla","55":"tag-fjaerkrae","56":"tag-foto","57":"tag-foto-fra-2014","58":"tag-fotofiklerier","59":"tag-fotogleder","60":"tag-fotografering","61":"tag-fotografi","62":"tag-fotoliv","63":"tag-fotomoro","64":"tag-fotostriper","65":"tag-friluftsliv","66":"tag-fritid","67":"tag-fugl","68":"tag-fugleliv","69":"tag-fuglene","70":"tag-fuglenes-verden","71":"tag-fugler","72":"tag-fugler-og-saant","73":"tag-fuglestriper","74":"tag-fugleterapi","75":"tag-goey","76":"tag-helt-canon","77":"tag-hettemaake","78":"tag-hettemaaker","79":"tag-hobby","80":"tag-hobby-og-saant","81":"tag-hoeykultur","82":"tag-hovedstaden","83":"tag-hverdagsbilder","84":"tag-hverdagsfoto","85":"tag-hverdagslig","86":"tag-hverdagsliv","87":"tag-hverdagsstriper","88":"tag-i-svevet","89":"tag-kultur","90":"tag-kultur-og-saant","91":"tag-kulturgreier","92":"tag-maake","93":"tag-maaker","94":"tag-mai","95":"tag-mai-2025","96":"tag-moro","97":"tag-mutah","98":"tag-naturen","99":"tag-naturfoto","100":"tag-naturlig","101":"tag-norge","102":"tag-oestensjo","103":"tag-oestensjovannet","104":"tag-oslo","105":"tag-pasjon","106":"tag-pip-pip","107":"tag-sis","108":"tag-sistah","109":"tag-speilreflekskamera","110":"tag-stripa","111":"tag-stripeliv","112":"tag-uh-ah-jah","113":"tag-uh-ja","114":"tag-underholdning","115":"tag-uttrykk","116":"tag-vaar","117":"tag-vaaren-2014","118":"tag-vaarfoto-2014","119":"tag-ved-oestensjovannet","120":"tag-verden","121":"tag-verden-og-saant","122":"post_format-post-format-image"},"_links":{"self":[{"href":"https:\/\/stripa.nu\/index.php?rest_route=\/wp\/v2\/posts\/45566","targetHints":{"allow":["GET"]}}],"collection":[{"href":"https:\/\/stripa.nu\/index.php?rest_route=\/wp\/v2\/posts"}],"about":[{"href":"https:\/\/stripa.nu\/index.php?rest_route=\/wp\/v2\/types\/post"}],"author":[{"embeddable":true,"href":"https:\/\/stripa.nu\/index.php?rest_route=\/wp\/v2\/users\/3"}],"replies":[{"embeddable":true,"href":"https:\/\/stripa.nu\/index.php?rest_route=%2Fwp%2Fv2%2Fcomments&post=45566"}],"version-history":[{"count":12,"href":"https:\/\/stripa.nu\/index.php?rest_route=\/wp\/v2\/posts\/45566\/revisions"}],"predecessor-version":[{"id":45597,"href":"https:\/\/stripa.nu\/index.php?rest_route=\/wp\/v2\/posts\/45566\/revisions\/45597"}],"wp:featuredmedia":[{"embeddable":true,"href":"https:\/\/stripa.nu\/index.php?rest_route=\/wp\/v2\/media\/45593"}],"wp:attachment":[{"href":"https:\/\/stripa.nu\/index.php?rest_route=%2Fwp%2Fv2%2Fmedia&parent=45566"}],"wp:term":[{"taxonomy":"category","embeddable":true,"href":"https:\/\/stripa.nu\/index.php?rest_route=%2Fwp%2Fv2%2Fcategories&post=45566"},{"taxonomy":"post_tag","embeddable":true,"href":"https:\/\/stripa.nu\/index.php?rest_route=%2Fwp%2Fv2%2Ftags&post=45566"}],"curies":[{"name":"wp","href":"https:\/\/api.w.org\/{rel}","templated":true}]}}