{"id":45615,"date":"2025-07-21T00:31:00","date_gmt":"2025-07-20T22:31:00","guid":{"rendered":"https:\/\/stripa.nu\/?p=45615"},"modified":"2025-07-21T00:31:00","modified_gmt":"2025-07-20T22:31:00","slug":"makeproblematikken","status":"publish","type":"post","link":"https:\/\/stripa.nu\/?p=45615","title":{"rendered":"M\u00e5keproblematikken"},"content":{"rendered":"<p>Hvert \u00e5r gjentar et fenomen seg. <a href=\"https:\/\/no.wikipedia.org\/wiki\/M%C3%A5ker\" target=\"_blank\" rel=\"noopener\">M\u00e5kene<\/a>. De tar seg til rett, er agressive, parrer, skriker d\u00f8gnet rundt og stjeler maten din. Men hvem har skylden og hvordan oppsto problemet? <a href=\"https:\/\/stripa.nu\/?page_id=592\">Stripa<\/a> skal titte litt n\u00e6rmere p\u00e5 problematikken.<!--more--><\/p>\n<p>Dette er et sammensatt <a href=\"https:\/\/www.ao.no\/beboerne-plages-dognet-rundt-av-makeskrik-og-makeskitt-det-virker-som-om-de-eier-omradet\/s\/5-128-145118\" target=\"_blank\" rel=\"noopener\">problem<\/a> og ikke en 1-2-3 rask fiks.<\/p>\n<p><strong>M\u00e5kene drives bort<\/strong><\/p>\n<p>Nylig hamret Jenny Rolnes l\u00f8s og <a href=\"https:\/\/www.abcnyheter.no\/stemmer\/vi-behandler-makene-sjofelt\/1134096\" target=\"_blank\" rel=\"noopener\">mener<\/a>, uten sidestykke at menneskene har skylden for at m\u00e5kene er drevet inn i storbyene. At fuglefjell er \u00f8delagt og skj\u00e6rg\u00e5rden rensket for fisk, som f\u00f8lger av overfiske. Det stemmer nok og er alene en tragedie i seg selv. Fors\u00f8pling, b\u00e5ttrafikk og mennesker som <a href=\"https:\/\/www.nordnorskdebatt.no\/ikke-plukk-makeegg\/o\/5-124-242825\" target=\"_blank\" rel=\"noopener\">stjeler egg<\/a> er et annet problem. Men det m\u00e5 nyanseres her. Ikke alle mennesker er skyld i dette, men altfor mange.<\/p>\n<p>Det er ingen tvil om at menneskets <a href=\"https:\/\/stripa.nu\/?p=44639\">holdninger<\/a> ovenfor dyr er et problem. I Norge og ellers i verden. M\u00e5kene inntar byene med alle problemene det medf\u00f8rer. De hekker, skriker, br\u00e5ker, fors\u00f8pler og er agressive i hekketiden.<\/p>\n<p><strong>Hets og dyreplageri<\/strong><\/p>\n<p>Da oppst\u00e5r nye problemer. Hets i <a href=\"https:\/\/www.nettavisen.no\/norsk-debatt\/makeunger-blir-slatt-i-hjel-trakket-pa-og-sprengt-i-stykker\/o\/5-95-2530817\" target=\"_blank\" rel=\"noopener\">kommentarfelt<\/a>, folk f\u00e5r et fiendtlig forhold til m\u00e5kene og dyreplageri tar til. Reir \u00f8delegges, egg stjeles, m\u00e5ker sl\u00e5s i hjel eller f\u00e5r vingene sine brukket. Mennesket viser sin verste side. Den onde, hensynsl\u00f8se siden. Det l\u00f8ser ingenting. Politikerne og myndighetene m\u00e5 p\u00e5 banen. De m\u00e5 re-etablere fuglefjell, f\u00e5 slutt p\u00e5 forurensing og sl\u00e5 ned p\u00e5 <a href=\"https:\/\/www.fiskeribladet.no\/meninger\/maker-far-ufortjent-darlig-rykte-gjennom-media\/8-1-53919\" target=\"_blank\" rel=\"noopener\">rovfisket<\/a>.<br \/>\n<img loading=\"lazy\" decoding=\"async\" class=\"alignleft wp-image-45635 size-full\" title=\"M\u00e5kene er ikke monste. De f\u00f8lger sine instinkter. Foto: Pixabay.\" src=\"http:\/\/stripa.nu\/wp-content\/uploads\/2025\/07\/seagull-79658_1920.jpg\" alt=\"\" width=\"678\" height=\"381\" srcset=\"https:\/\/stripa.nu\/wp-content\/uploads\/2025\/07\/seagull-79658_1920.jpg 678w, https:\/\/stripa.nu\/wp-content\/uploads\/2025\/07\/seagull-79658_1920-300x169.jpg 300w\" sizes=\"auto, (max-width: 678px) 100vw, 678px\" \/><br \/>\nFordi m\u00e5kene f\u00f8lger bare sitt naturlige instinkt. De gj\u00f8r de kan for \u00e5 <a href=\"https:\/\/www.anticimex.no\/maker\/hekkesesong-for-maker\/\" target=\"_blank\" rel=\"noopener\">overleve<\/a>. Vi i Stripa har ogs\u00e5 hatt ubehagelige m\u00f8ter med m\u00e5ker. Men de vil bare beskytte sine sm\u00e5 mot oss mennesker. Kan vi klandre dem? Nei, vi kan ikke det.<\/p>\n<p><strong>Nyanser og ansvar<\/strong><\/p>\n<p>Allikevel blir det veldig voldsomt \u00e5 klandre absoulutt alle for denne utviklingen. Men det er akkurat slik <a href=\"https:\/\/www.nrk.no\/tromsogfinnmark\/dyreverner-mener-media-fyrer-opp-under-makehat-_-ekspert-mener-det-er-innafor-1.16043003\" target=\"_blank\" rel=\"noopener\">dyrevernere<\/a> g\u00e5r frem. Drama. De vil ha frem et dramatisk poeng. Menneskets oppf\u00f8rsel mot dyr er et stort problem. Men det vanlige hverdagsmennesket kan ta <a href=\"https:\/\/www.nettavisen.no\/norsk-debatt\/er-det-makene-eller-vi-som-er-problemet\/o\/5-95-1203736\" target=\"_blank\" rel=\"noopener\">ansvar<\/a> og ikke forstyrre m\u00e5kene. Men vi kan ikke utrette mirakler, gjenopprette livet i havet eller gjenskape fuglefjell.<\/p>\n<p>Men vi kan p\u00e5peke problemet og oppfordre folk til \u00e5 bruke <a href=\"https:\/\/www.nrk.no\/tromsogfinnmark\/maker-_-hva-skal-du-gjore-nar-de-kommer-stupende-og-angriper_-1.16456969\" target=\"_blank\" rel=\"noopener\">vettet<\/a>. Pass p\u00e5 maten din, ikke mat m\u00e5kene, ikke plag de og la de <a href=\"https:\/\/www.nettavisen.no\/nyheter\/makedrap-mann-skal-ha-drept-minst-16-maseunger-i-en-uvanlig-og-brutal-hendelse\/s\/5-95-2228025\" target=\"_blank\" rel=\"noopener\">v\u00e6re<\/a> ifred. Det handler om balanse. Den nye virkeligheten er at vi m\u00e5 dele plass med m\u00e5kene. P\u00e5 grunn av v\u00e5r egen fremferd.<\/p>\n<p>Artikkelen ble skrevet 21. <a href=\"https:\/\/en.wikipedia.org\/wiki\/July\" target=\"_blank\" rel=\"noopener\">Juli<\/a> <a href=\"https:\/\/no.wikipedia.org\/wiki\/2025\" target=\"_blank\" rel=\"noopener\">2025<\/a>, 00:00.<br \/>\nDen ble oppdatert 21. <a href=\"https:\/\/en.wikipedia.org\/wiki\/July\" target=\"_blank\" rel=\"noopener\">Juli<\/a> <a href=\"https:\/\/no.wikipedia.org\/wiki\/2025\" target=\"_blank\" rel=\"noopener\">2025<\/a>, 00:15.<\/p>\n","protected":false},"excerpt":{"rendered":"<div class=\"mh-excerpt\"><p>Hvert \u00e5r gjentar et fenomen seg. M\u00e5kene. De tar seg til rett, er agressive, parrer, skriker d\u00f8gnet rundt og stjeler maten din. Men hvem har skylden og hvordan oppsto problemet? Stripa skal titte litt n\u00e6rmere <a class=\"mh-excerpt-more\" href=\"https:\/\/stripa.nu\/?p=45615\" title=\"M\u00e5keproblematikken\">[&#8230;]<\/a><\/p>\n<\/div>","protected":false},"author":5,"featured_media":45634,"comment_status":"closed","ping_status":"open","sticky":false,"template":"","format":"standard","meta":{"footnotes":""},"categories":[2,3,22],"tags":[1362,3199,28,12592,1761,10113,10114,2408,1361,1744,4168,426,6701,4170,542,916,12593,3114,2172,10953,1754,832,12674,936,2592,12599,1348,2508,1665,3359,12591,1503,172,29,12597,1343,12225,4086,255,1544,12677,12675,10667,2380,10225,12663,10687,18,697,705,12676,12680,12679,12678,1654,7316,4169,10188,61,511,10329,16,12594,102,513,10190,495,10296,2967,2396,1930,12168,6,512,895,1105,8725,12603,12590,101,10129,706,10506],"class_list":{"0":"post-45615","1":"post","2":"type-post","3":"status-publish","4":"format-standard","5":"has-post-thumbnail","7":"category-feltloggings","8":"category-nyhetsskit","9":"category-ufiltra","10":"tag-absurd","11":"tag-absurdia","12":"tag-aktuelt","13":"tag-ansvarsloeshet","14":"tag-betraktninger","15":"tag-broeff","16":"tag-broeffebroeff","17":"tag-broh","18":"tag-bruff","19":"tag-bruh","20":"tag-brutah","21":"tag-bubinga","22":"tag-bubingah","23":"tag-daddah","24":"tag-dagligdags","25":"tag-dagliglivet","26":"tag-de-gir-blaffen","27":"tag-den-nye-hverdagen","28":"tag-doh","29":"tag-dritt-og-moekk","30":"tag-duh","31":"tag-dyr","32":"tag-dyr-og-saant","33":"tag-dyreliv","34":"tag-dyrenes-rike","35":"tag-ego","36":"tag-egoisme","37":"tag-fugl","38":"tag-fugler","39":"tag-galskap-i-praksis","40":"tag-holdinger","41":"tag-hverdagslig","42":"tag-hverdagsliv","43":"tag-i-media","44":"tag-idioti-101","45":"tag-juli","46":"tag-juli-2025","47":"tag-koko","48":"tag-kommentar","49":"tag-kommentaren","50":"tag-kritikk-liv-vs-doed","51":"tag-larinae","52":"tag-liv-og-doed","53":"tag-livet","54":"tag-livet-og-saant","55":"tag-maake","56":"tag-maaker","57":"tag-media","58":"tag-medier","59":"tag-meninger","60":"tag-menneskers-syke-syn-pa-dyr","61":"tag-mennesket-og-maaken","62":"tag-mennesket-versus-maaken","63":"tag-misnoje-moral","64":"tag-moral-og-etikk","65":"tag-moralsk-ansvar","66":"tag-mutah","67":"tag-nett-paa-sak","68":"tag-norge","69":"tag-nytt","70":"tag-oppfoersel","71":"tag-oslo","72":"tag-psykose","73":"tag-rablerier","74":"tag-redaksjonelt","75":"tag-rett-paa-sak","76":"tag-samfunn","77":"tag-samfunnet-og-saant","78":"tag-sis","79":"tag-sistah","80":"tag-sommer","81":"tag-sommeren-2025","82":"tag-stripa","83":"tag-stripa-nu","84":"tag-stripeliv","85":"tag-tanker","86":"tag-uggah-buggah","87":"tag-uvettig-oppfoersel","88":"tag-veivesenet","89":"tag-verden","90":"tag-verden-og-saant","91":"tag-vi-mener","92":"tag-vi-kritiserer"},"_links":{"self":[{"href":"https:\/\/stripa.nu\/index.php?rest_route=\/wp\/v2\/posts\/45615","targetHints":{"allow":["GET"]}}],"collection":[{"href":"https:\/\/stripa.nu\/index.php?rest_route=\/wp\/v2\/posts"}],"about":[{"href":"https:\/\/stripa.nu\/index.php?rest_route=\/wp\/v2\/types\/post"}],"author":[{"embeddable":true,"href":"https:\/\/stripa.nu\/index.php?rest_route=\/wp\/v2\/users\/5"}],"replies":[{"embeddable":true,"href":"https:\/\/stripa.nu\/index.php?rest_route=%2Fwp%2Fv2%2Fcomments&post=45615"}],"version-history":[{"count":19,"href":"https:\/\/stripa.nu\/index.php?rest_route=\/wp\/v2\/posts\/45615\/revisions"}],"predecessor-version":[{"id":45636,"href":"https:\/\/stripa.nu\/index.php?rest_route=\/wp\/v2\/posts\/45615\/revisions\/45636"}],"wp:featuredmedia":[{"embeddable":true,"href":"https:\/\/stripa.nu\/index.php?rest_route=\/wp\/v2\/media\/45634"}],"wp:attachment":[{"href":"https:\/\/stripa.nu\/index.php?rest_route=%2Fwp%2Fv2%2Fmedia&parent=45615"}],"wp:term":[{"taxonomy":"category","embeddable":true,"href":"https:\/\/stripa.nu\/index.php?rest_route=%2Fwp%2Fv2%2Fcategories&post=45615"},{"taxonomy":"post_tag","embeddable":true,"href":"https:\/\/stripa.nu\/index.php?rest_route=%2Fwp%2Fv2%2Ftags&post=45615"}],"curies":[{"name":"wp","href":"https:\/\/api.w.org\/{rel}","templated":true}]}}