{"id":46319,"date":"2025-07-28T17:00:30","date_gmt":"2025-07-28T15:00:30","guid":{"rendered":"https:\/\/stripa.nu\/?p=46319"},"modified":"2025-07-28T22:33:09","modified_gmt":"2025-07-28T20:33:09","slug":"lovens-lange-arm-i-svevet","status":"publish","type":"post","link":"https:\/\/stripa.nu\/?p=46319","title":{"rendered":"Lovens lange arm i svevet"},"content":{"rendered":"<p>Sommeren g\u00e5r inn i siste fase. <a href=\"https:\/\/stripa.nu\/?page_id=592\">Stripa<\/a> deler nok et bilde fra vakre Telemark. Fra det forrykende flyshowet p\u00e5 Notodden ifjor h\u00f8st. Bildet er i samme serie som <a href=\"https:\/\/stripa.nu\/?p=42571\">dette<\/a> og det vil bli postet flere etterhvert. Trolig blir det en egen serie. Det kommer vi tilbake til.<!--more--><\/p>\n<p>Bildet ble tatt av <a href=\"http:\/\/stripa.nu\/?author=3\">FatZilla<\/a>.<br \/>\n<img loading=\"lazy\" decoding=\"async\" class=\"alignleft size-full wp-image-46329\" src=\"http:\/\/stripa.nu\/wp-content\/uploads\/2025\/07\/IMG_5924-\u2013-Kopi.jpg\" alt=\"\" width=\"678\" height=\"440\" srcset=\"https:\/\/stripa.nu\/wp-content\/uploads\/2025\/07\/IMG_5924-\u2013-Kopi.jpg 678w, https:\/\/stripa.nu\/wp-content\/uploads\/2025\/07\/IMG_5924-\u2013-Kopi-300x195.jpg 300w\" sizes=\"auto, (max-width: 678px) 100vw, 678px\" \/><br \/>\nKamera: <a href=\"http:\/\/stripa.nu\/?p=6647\">Canon Grigoriy<\/a><br \/>\nDato: 01.09.<a href=\"http:\/\/no.wikipedia.org\/wiki\/2024\" target=\"_blank\" rel=\"noopener noreferrer\">2024<\/a><br \/>\nKategori: <a href=\"https:\/\/www.visittelemark.no\/\" target=\"_blank\" rel=\"noopener\">Telemark<\/a>, <a href=\"https:\/\/no.wikipedia.org\/wiki\/Fly\" target=\"_blank\" rel=\"noopener\">Fly<\/a>, <a href=\"https:\/\/en.wikipedia.org\/wiki\/Autumn\" target=\"_blank\" rel=\"noopener\">H\u00f8sten<\/a>, <a href=\"https:\/\/en.wikipedia.org\/wiki\/Air_show\" target=\"_blank\" rel=\"noopener\">Flyshow<\/a><br \/>\nSted: <a href=\"https:\/\/www.visittelemark.no\/notodden\" target=\"_blank\" rel=\"noopener\">Notodden<\/a>, <a href=\"https:\/\/www.notoddenlufthavn.no\/\" target=\"_blank\" rel=\"noopener\">Notodden Lufthavn<\/a><\/p>\n<p><a href=\"https:\/\/en.wikipedia.org\/wiki\/Light_aircraft\" target=\"_blank\" rel=\"noopener\">Fly<\/a> og flyshow er moro. Vi har skrevet litt om <a href=\"https:\/\/stripa.nu\/?p=39513\">dette<\/a> og f\u00e5r desverre ikke gjentatt reprise i \u00e5r. Da vi er p\u00e5 reisefot med kamera et annet sted. Men i 2026 skal vi tilbake om alt vil seg slik. Det var helt r\u00e5tt og veldig god fototrening. Ikke like godt for <a href=\"https:\/\/en.wikipedia.org\/wiki\/Shutter_(photography)\" target=\"_blank\" rel=\"noopener\">lukkeren<\/a> til kameraet.<\/p>\n<p>Men sammen med 15.000 andre hadde vi det g\u00f8y. Politiet kom ogs\u00e5 gitt og dro igjen. F\u00f8r de s\u00e5 kom tilbake. Lovens <a href=\"http:\/\/www,politi.no\/\" target=\"_blank\" rel=\"noopener\">lange arm<\/a> i luften, da kan det vel ikke bli feil eller hva? Vi liker det. Mer bilder kommer. Og <a href=\"https:\/\/no.wikipedia.org\/wiki\/Telemark\" target=\"_blank\" rel=\"noopener\">Telemark<\/a>, vi kommer tilbake. For et sted. Vakkert og praktfullt.<\/p>\n<p><strong>Les ogs\u00e5<\/strong>:<\/p>\n<p>\u2022 <a href=\"https:\/\/en.wikipedia.org\/wiki\/Aircraft\" target=\"_blank\" rel=\"noopener\">Om Fly<\/a> (Engelsk)<br \/>\n\u2022 <a href=\"https:\/\/no.wikipedia.org\/wiki\/Notodden\" target=\"_blank\" rel=\"noopener\">Om Notodden<\/a><br \/>\n\u2022 <a href=\"https:\/\/www.notodden.kommune.no\/\" target=\"_blank\" rel=\"noopener\">Notodden Kommunes nettsider<\/a><br \/>\n\u2022 <a href=\"https:\/\/telemarkairshow.no\/\" target=\"_blank\" rel=\"noopener\">Om Notodden Airshow <\/a><br \/>\n\u2022 <a href=\"https:\/\/no.wikipedia.org\/wiki\/Notodden_lufthavn\" target=\"_blank\" rel=\"noopener\">Om Notodden Lufthavn<\/a><br \/>\n\u2022 <a href=\"https:\/\/www.notoddenlufthavn.no\/\" target=\"_blank\" rel=\"noopener\">Notodden Lufthavn<\/a><br \/>\n\u2022 <a href=\"https:\/\/stripa.nu\/?p=39513\">V\u00e5r turreportasje<\/a><br \/>\n\u2022 <a href=\"https:\/\/no.wikipedia.org\/wiki\/Telemark\" target=\"_blank\" rel=\"noopener\">Om Telemark<\/a><br \/>\n\u2022 <a href=\"http:\/\/www.telemarkfylke.no\/\" target=\"_blank\" rel=\"noopener\">Telemark Kommunes nettsider<\/a><br \/>\n\u2022 <a href=\"https:\/\/politihelikopter.com\/\" target=\"_blank\" rel=\"noopener\">Om Politiets helikopter<\/a><br \/>\n\u2022 <a href=\"https:\/\/no.wikipedia.org\/wiki\/Politiets_helikoptertjeneste\" target=\"_blank\" rel=\"noopener\">Politiets helikoptertjeneste<\/a><br \/>\n\u2022 <a href=\"https:\/\/en.wikipedia.org\/wiki\/Autumn\" target=\"_blank\" rel=\"noopener\">Om H\u00f8sten<\/a> (Engelsk)<br \/>\n\u2022 <a href=\"http:\/\/stripa.nu\/?page_id=1602\">Fotografi<\/a><br \/>\n\u2022 <a href=\"http:\/\/stripa.nu\/?cat=476\">Alle artikler om Foto<\/a><br \/>\n\u2022 <a href=\"http:\/\/stripa.nu\/?p=6850\">Hvorfor ikke metadata?<\/a><\/p>\n<p>Artikkelen ble skrevet 25. <a href=\"https:\/\/en.wikipedia.org\/wiki\/July\" target=\"_blank\" rel=\"noopener\">Juli<\/a> <a href=\"https:\/\/no.wikipedia.org\/wiki\/2025\" target=\"_blank\" rel=\"noopener\">2025<\/a>, 17:00.<br \/>\nDen ble oppdatert 25. <a href=\"https:\/\/en.wikipedia.org\/wiki\/July\" target=\"_blank\" rel=\"noopener\">Juli<\/a> <a href=\"https:\/\/no.wikipedia.org\/wiki\/2025\" target=\"_blank\" rel=\"noopener\">2025<\/a>, 17:30.<\/p>\n","protected":false},"excerpt":{"rendered":"<div class=\"mh-excerpt\"><p>Sommeren g\u00e5r inn i siste fase. Stripa deler nok et bilde fra vakre Telemark. Fra det forrykende flyshowet p\u00e5 Notodden ifjor h\u00f8st. Bildet er i samme serie som dette og det vil bli postet flere <a class=\"mh-excerpt-more\" href=\"https:\/\/stripa.nu\/?p=46319\" title=\"Lovens lange arm i svevet\">[&#8230;]<\/a><\/p>\n<\/div>","protected":false},"author":3,"featured_media":46328,"comment_status":"closed","ping_status":"open","sticky":false,"template":"","format":"image","meta":{"footnotes":""},"categories":[476],"tags":[3022,12079,1588,73,3939,203,5877,11844,28,4560,2800,1245,2045,1811,1210,2444,3377,10114,2408,1361,1744,4168,426,6701,6691,470,3368,1278,1289,471,4170,1466,542,916,1281,232,11931,2014,11101,11550,11546,2719,11547,11314,123,10485,1451,1674,505,469,1460,208,1346,1592,491,1559,6770,2046,238,10132,10233,10773,10787,10788,11549,10130,2683,1503,172,1493,5673,1343,12225,69,10134,68,12889,12888,11403,186,4169,61,11116,11928,11930,1590,11541,687,16,10900,1820,6776,8,12886,12887,11539,11540,1480,11112,2967,2396,11132,1930,12168,1280,6,895,11115,11123,11926,11929,104,79,10249,2487,101,10129],"class_list":{"0":"post-46319","1":"post","2":"type-post","3":"status-publish","4":"format-image","5":"has-post-thumbnail","7":"category-foto","8":"tag-3022","9":"tag-12079","10":"tag-40d","11":"tag-action","12":"tag-actionbilde","13":"tag-actionfoto","14":"tag-actionfotografering","15":"tag-ah-oisann","16":"tag-aktuelt","17":"tag-arkiva","18":"tag-arkivert-modell","19":"tag-bilde","20":"tag-bildegleder","21":"tag-bildegreier","22":"tag-bilder","23":"tag-bildestriper","24":"tag-bildet","25":"tag-broeffebroeff","26":"tag-broh","27":"tag-bruff","28":"tag-bruh","29":"tag-brutah","30":"tag-bubinga","31":"tag-bubingah","32":"tag-bubingha","33":"tag-canon","34":"tag-canon-eos","35":"tag-canon-eos-40d","36":"tag-canon-grigoriy","37":"tag-canoned","38":"tag-daddah","39":"tag-daglidags","40":"tag-dagligdags","41":"tag-dagliglivet","42":"tag-dslr","43":"tag-fatzilla","44":"tag-fixed","45":"tag-fly","46":"tag-fly-og-saant","47":"tag-flybilder","48":"tag-flyfoto","49":"tag-flygreier","50":"tag-flymoro","51":"tag-flyshow","52":"tag-foto","53":"tag-foto-fra-2024","54":"tag-fotofiklerier","55":"tag-fotogleder","56":"tag-fotografering","57":"tag-fotografi","58":"tag-fotoliv","59":"tag-fotomoro","60":"tag-fotostriper","61":"tag-friluftsliv","62":"tag-fritid","63":"tag-goey","64":"tag-helt-canon","65":"tag-herlig","66":"tag-hobby","67":"tag-hobby-og-saant","68":"tag-hoest","69":"tag-hoesten-2024","70":"tag-hoestfoto","71":"tag-hoestfoto-2024","72":"tag-hoestmoro","73":"tag-hoeykultur","74":"tag-hverdagsfoto","75":"tag-hverdagslig","76":"tag-hverdagsliv","77":"tag-hverdagsstriper","78":"tag-ja-man","79":"tag-juli","80":"tag-juli-2025","81":"tag-kultur","82":"tag-kultur-og-saant","83":"tag-kulturgreier","84":"tag-loven-i-luften","85":"tag-lovens-lange-arm","86":"tag-lukkerdoeden","87":"tag-moro","88":"tag-mutah","89":"tag-norge","90":"tag-notodden","91":"tag-notodden-kommune","92":"tag-notodden-lufthavn","93":"tag-oktober","94":"tag-oktober-2024","95":"tag-opplevelser","96":"tag-oslo","97":"tag-paa-tur","98":"tag-pasjon","99":"tag-politi","100":"tag-politiet","101":"tag-politiets-helikoptertjeneste","102":"tag-politihelikopteret","103":"tag-senhoest","104":"tag-senhoesten-2024","105":"tag-september","106":"tag-september-2024","107":"tag-sis","108":"tag-sistah","109":"tag-smaafly","110":"tag-sommer","111":"tag-sommeren-2025","112":"tag-speilreflekskamera","113":"tag-stripa","114":"tag-stripeliv","115":"tag-telemark","116":"tag-telemark-airshow","117":"tag-telemark-airshow-2024","118":"tag-telemark-kommune","119":"tag-uh-ja","120":"tag-underholdning","121":"tag-ut-paa-tur","122":"tag-uttrykk","123":"tag-verden","124":"tag-verden-og-saant","125":"post_format-post-format-image"},"_links":{"self":[{"href":"https:\/\/stripa.nu\/index.php?rest_route=\/wp\/v2\/posts\/46319","targetHints":{"allow":["GET"]}}],"collection":[{"href":"https:\/\/stripa.nu\/index.php?rest_route=\/wp\/v2\/posts"}],"about":[{"href":"https:\/\/stripa.nu\/index.php?rest_route=\/wp\/v2\/types\/post"}],"author":[{"embeddable":true,"href":"https:\/\/stripa.nu\/index.php?rest_route=\/wp\/v2\/users\/3"}],"replies":[{"embeddable":true,"href":"https:\/\/stripa.nu\/index.php?rest_route=%2Fwp%2Fv2%2Fcomments&post=46319"}],"version-history":[{"count":10,"href":"https:\/\/stripa.nu\/index.php?rest_route=\/wp\/v2\/posts\/46319\/revisions"}],"predecessor-version":[{"id":46331,"href":"https:\/\/stripa.nu\/index.php?rest_route=\/wp\/v2\/posts\/46319\/revisions\/46331"}],"wp:featuredmedia":[{"embeddable":true,"href":"https:\/\/stripa.nu\/index.php?rest_route=\/wp\/v2\/media\/46328"}],"wp:attachment":[{"href":"https:\/\/stripa.nu\/index.php?rest_route=%2Fwp%2Fv2%2Fmedia&parent=46319"}],"wp:term":[{"taxonomy":"category","embeddable":true,"href":"https:\/\/stripa.nu\/index.php?rest_route=%2Fwp%2Fv2%2Fcategories&post=46319"},{"taxonomy":"post_tag","embeddable":true,"href":"https:\/\/stripa.nu\/index.php?rest_route=%2Fwp%2Fv2%2Ftags&post=46319"}],"curies":[{"name":"wp","href":"https:\/\/api.w.org\/{rel}","templated":true}]}}