{"id":48571,"date":"2025-09-08T21:00:06","date_gmt":"2025-09-08T19:00:06","guid":{"rendered":"https:\/\/stripa.nu\/?p=48571"},"modified":"2025-09-09T20:59:55","modified_gmt":"2025-09-09T18:59:55","slug":"valget-vi-ma-ta","status":"publish","type":"post","link":"https:\/\/stripa.nu\/?p=48571","title":{"rendered":"Valget vi m\u00e5 ta"},"content":{"rendered":"<p>S\u00e5 er dagen kommet for mange av oss. \u00c5 ta et valg. For det er tid for <a href=\"https:\/\/no.wikipedia.org\/wiki\/Stortingsvalget_2025\" target=\"_blank\" rel=\"noopener\">Stortingsvalg<\/a>. Men dette er en del av et st\u00f8rre bilde som Stripa skal ta for seg. Det gjelder ogs\u00e5 et valg for \u00e5rene fremover og valg ellers i livet. For alt er i endring akkurat n\u00e5.<!--more--><\/p>\n<p>For i skrivende stund er noen av oss i <a href=\"https:\/\/visitlofoten.com\/\" target=\"_blank\" rel=\"noopener\">Lofoten<\/a> p\u00e5 ferietur. Mens andre p\u00f8nsker og konspirerer.<\/p>\n<p><strong>Omtrent som n\u00e5<\/strong><\/p>\n<p>Mens dette skrives begynner det \u00e5 bli klart at Jonas Gahr St\u00f8re og Arbeiderpartiet blir <a href=\"https:\/\/www.vg.no\/nyheter\/i\/0V5BqJ\/stortingsvalg-2025-siste-nytt-og-resultater\" target=\"_blank\" rel=\"noopener\">valgets vinnere<\/a>. Ingen i Stripa er akkurat sjokkerte over dette. Samtidig s\u00e5 er vi realister. Det er fortsatt fredag hele uka, vi tar for v\u00e5rs bit for bit og <a href=\"https:\/\/youtu.be\/TI7FkvGC5GA\" target=\"_blank\" rel=\"noopener\">Dory`s<\/a> blir v\u00e5r bule. Om og om igjen. Mens alt er i endring rundt oss, p\u00e5 alle m\u00e5ter. Ingen vet enda hva slags hverdag vi vil f\u00e5 med ny regjering.<\/p>\n<p>Det vi derimot vet, er at ingenting vil bli vesentlig forandret. L\u00f8ftene og l\u00f8gnene vil v\u00e6re de samme. Fordi prisene p\u00e5 str\u00f8m, <a href=\"https:\/\/frifagbevegelse.no\/nyheter\/har-matprisene-i-norge-steget-mer-enn-i-europa-6.158.1158658.ce20f75e09\" target=\"_blank\" rel=\"noopener\">mat<\/a>, reiser og alt ellers vil fortsette \u00e5 \u00f8ke.\u00a0 Noe annet virker helt usannsynelig. Behovet for makt og <a href=\"https:\/\/www.tu.no\/artikler\/norge-vurderer-a-droppe-eus-nye-avlopsregler-ikke-mulig-svarer-eu\/561831\" target=\"_blank\" rel=\"noopener\">kontroll<\/a> forsvinner ikke heller. Det vil heller \u00f8ke i \u00e5rene som kommer.<\/p>\n<p>Se bare p\u00e5 <a href=\"https:\/\/www.nrk.no\/stor-oslo\/flertall-for-eiendomsskatt-i-oslo-og-akershus-1.17549737\" target=\"_blank\" rel=\"noopener\">eiendomsskatt<\/a>, formueskatt og boligskatt. De vil fortsatt v\u00e6re de samme. I verste fall \u00f8kes de. Det blir ikke motsatt vei.<\/p>\n<p><strong>Finne l\u00f8sninger<\/strong><\/p>\n<p>La oss v\u00e6re helt 100 % \u00e6rlige og rett p\u00e5 sak. Du og jeg vil ikke merke forskjell i noen forbedret grad i \u00e5rene 2025 til 2029. Det gjelder fortsatt \u00e5 sl\u00e5 til p\u00e5 tilbud, fylle kj\u00f8leskap og fryser med mat, drikke og det som trengs. Reise over <a href=\"https:\/\/stripa.nu\/?p=39333\">grensen<\/a> p\u00e5 hyggelige handling og dagsturer. Men mest av alt leve et best mulig liv. Uavhengig av <a href=\"https:\/\/www.vg.no\/spesial\/2025\/valg-oppsummering\/\" target=\"_blank\" rel=\"noopener\">St\u00f8re<\/a> og hans b\u00f8tteballett har tenkt \u00e5 finne p\u00e5.<br \/>\n<img loading=\"lazy\" decoding=\"async\" class=\"alignleft size-full wp-image-48614\" src=\"http:\/\/stripa.nu\/wp-content\/uploads\/2025\/09\/svinesund-1545927_1920.jpg\" alt=\"\" width=\"678\" height=\"381\" srcset=\"https:\/\/stripa.nu\/wp-content\/uploads\/2025\/09\/svinesund-1545927_1920.jpg 678w, https:\/\/stripa.nu\/wp-content\/uploads\/2025\/09\/svinesund-1545927_1920-300x169.jpg 300w\" sizes=\"auto, (max-width: 678px) 100vw, 678px\" \/><br \/>\nDet handler om \u00e5 v\u00e6re litt smart. Finne l\u00f8sninger og v\u00e6re kritisk. For l\u00f8ftene vil komme, utspillene vil bli mange og skuffelsene trolig deretter. L\u00e5ter negativt ikke sant. Men fortell oss, n\u00e5r ble folk sist gledelig overrasket over <a href=\"https:\/\/www.arbeiderpartiet.no\/\" target=\"_blank\" rel=\"noopener\">Arbeiderpartiet<\/a> og deres sittende statsminister? Da m\u00e5 vi nok minst 50 \u00e5r tilbake i tid. Om ikke lenger bak.<\/p>\n<p><strong>Oppleve og leve<\/strong><\/p>\n<p>For <a href=\"https:\/\/stripa.nu\/?page_id=592\">Stripas<\/a> del vil de neste \u00e5rene handle om \u00e5 f\u00e5 noen dagligdagse ting p\u00e5 plass. Det handler ogs\u00e5 om \u00e5 ruste seg for fremtiden. Men ogs\u00e5 om \u00e5 ordne nytt back up <a href=\"https:\/\/en.wikipedia.org\/wiki\/Canon_EOS_50D\" target=\"_blank\" rel=\"noopener\">kamera<\/a>, innhente nytt l\u00f8yve, reise, oppleve, skrive og lage godt webinnhold. Fylle livet med gode ting. Det kan ikke politikerne gj\u00f8re for oss, det er noe vi m\u00e5 ordne selv.<\/p>\n<p>Om litt s\u00e5 kommer v\u00e5r reiserapport fra vakre og episke Lofoten. Vel hjemme, s\u00e5 er hverdagen brutalt tilbake. Vi lever og gir oss ikke. Uavhengig av hvem som vil sitte i Jonas Gahr St\u00f8res kommende <a href=\"http:\/\/www.regjeringen.no\/\" target=\"_blank\" rel=\"noopener\">regjering<\/a>. Det handler om \u00e5 velge det som gj\u00f8r deg bra og som gj\u00f8r ditt liv godt. Stortingsvalg er mer en <a href=\"https:\/\/snl.no\/stemmeberettiget\" target=\"_blank\" rel=\"noopener\">borgerplikt<\/a>, s\u00e5 lenge ting er som de er i politikkens verden. Anno 2025. I Norge.<\/p>\n<p>Artikkelen ble skrevet 08. <a href=\"https:\/\/en.wikipedia.org\/wiki\/September\" target=\"_blank\" rel=\"noopener\">September<\/a> <a href=\"https:\/\/no.wikipedia.org\/wiki\/2025\" target=\"_blank\" rel=\"noopener\">2025<\/a>, 21:00.<br \/>\nDen ble oppdatert 08. <a href=\"https:\/\/en.wikipedia.org\/wiki\/September\" target=\"_blank\" rel=\"noopener\">September<\/a> <a href=\"https:\/\/no.wikipedia.org\/wiki\/2025\" target=\"_blank\" rel=\"noopener\">2025<\/a>, 21:30.<\/p>\n","protected":false},"excerpt":{"rendered":"<div class=\"mh-excerpt\"><p>S\u00e5 er dagen kommet for mange av oss. \u00c5 ta et valg. For det er tid for Stortingsvalg. Men dette er en del av et st\u00f8rre bilde som Stripa skal ta for seg. Det gjelder <a class=\"mh-excerpt-more\" href=\"https:\/\/stripa.nu\/?p=48571\" title=\"Valget vi m\u00e5 ta\">[&#8230;]<\/a><\/p>\n<\/div>","protected":false},"author":5,"featured_media":48613,"comment_status":"closed","ping_status":"open","sticky":false,"template":"","format":"standard","meta":{"footnotes":""},"categories":[2,22],"tags":[12079,1362,3199,11038,28,13138,13424,1761,10214,10325,10326,13427,10113,10114,2408,1361,1744,4168,426,6701,4085,13327,4170,13430,542,916,567,566,6743,1754,9868,13422,10508,10509,13428,1017,13429,3359,2703,13136,13135,10233,12934,10310,10511,10954,1503,172,13349,29,603,13423,2635,255,1544,496,9869,4246,2380,10225,13432,10208,8508,13348,305,670,10514,13344,8732,13345,10944,636,10619,18,697,705,10952,633,1654,7316,4169,10188,61,10315,16,993,102,513,2356,13426,10190,13425,495,10296,544,1480,13189,2967,2396,10505,6732,13431,12041,6,512,895,12089,1105,8725,6730,13434,13433,101,10129,706,10506],"class_list":{"0":"post-48571","1":"post","2":"type-post","3":"status-publish","4":"format-standard","5":"has-post-thumbnail","7":"category-feltloggings","8":"category-ufiltra","9":"tag-12079","10":"tag-absurd","11":"tag-absurdia","12":"tag-ah-nej-nej","13":"tag-aktuelt","14":"tag-altfor-dyrt","15":"tag-arbeiderpariet","16":"tag-betraktninger","17":"tag-bloeff","18":"tag-boeff","19":"tag-boeff-og-bloeff","20":"tag-boligskatt","21":"tag-broeff","22":"tag-broeffebroeff","23":"tag-broh","24":"tag-bruff","25":"tag-bruh","26":"tag-brutah","27":"tag-bubinga","28":"tag-bubingah","29":"tag-bullshit","30":"tag-bullshit-101","31":"tag-daddah","32":"tag-dagen-derpaa","33":"tag-dagligdags","34":"tag-dagliglivet","35":"tag-dagligvarehandel","36":"tag-dagligvarer","37":"tag-ditt-valg","38":"tag-duh","39":"tag-dyr-mat","40":"tag-dyr-stroem","41":"tag-dyrt","42":"tag-dyrt-og-saant","43":"tag-eiendomsskatt","44":"tag-forbruk","45":"tag-formueskatt","46":"tag-galskap-i-praksis","47":"tag-grensehandel","48":"tag-grensehandlingslammelse","49":"tag-handlingslammelse","50":"tag-hoest","51":"tag-hoesten-2025","52":"tag-hoeye-priser","53":"tag-hoeye-matpriser","54":"tag-hoje-matpriser","55":"tag-hverdagslig","56":"tag-hverdagsliv","57":"tag-i-mat","58":"tag-i-media","59":"tag-ironi","60":"tag-jonas-gahr-stoere","61":"tag-juks-og-fanteri","62":"tag-kommentar","63":"tag-kommentaren","64":"tag-kritikk","65":"tag-kynisk-spill","66":"tag-kynisme","67":"tag-livet","68":"tag-livet-og-saant","69":"tag-loefter-som-brytes","70":"tag-loegn","71":"tag-lofoten","72":"tag-marked-og-oekonom","73":"tag-mat","74":"tag-mat-og-drikke","75":"tag-mat-og-saant","76":"tag-matmoms","77":"tag-matpriser","78":"tag-mattskatt","79":"tag-matvarepriser","80":"tag-matvarer","81":"tag-matvarer-og-saant","82":"tag-media","83":"tag-medier","84":"tag-meninger","85":"tag-misnoje","86":"tag-moral","87":"tag-moral-og-etikk","88":"tag-moralsk-ansvar","89":"tag-mutah","90":"tag-nett-paa-sak","91":"tag-norge","92":"tag-oekonomi","93":"tag-oslo","94":"tag-politikk","95":"tag-rablerier","96":"tag-redaksjonelt","97":"tag-regjeringen","98":"tag-regjeringen-stoere-ii","99":"tag-rett-paa-sak","100":"tag-roed-regjering","101":"tag-samfunn","102":"tag-samfunnet-og-saant","103":"tag-sarkasme","104":"tag-september","105":"tag-september-2025","106":"tag-sis","107":"tag-sistah","108":"tag-skepsis","109":"tag-stortingsvalg","110":"tag-stortingsvalg-2025","111":"tag-stortingsvalget-2025","112":"tag-stripa","113":"tag-stripa-nu","114":"tag-stripeliv","115":"tag-stroempriser","116":"tag-tanker","117":"tag-uggah-buggah","118":"tag-valg","119":"tag-valg-og-ikke-valg","120":"tag-veivalg","121":"tag-verden","122":"tag-verden-og-saant","123":"tag-vi-mener","124":"tag-vi-kritiserer"},"_links":{"self":[{"href":"https:\/\/stripa.nu\/index.php?rest_route=\/wp\/v2\/posts\/48571","targetHints":{"allow":["GET"]}}],"collection":[{"href":"https:\/\/stripa.nu\/index.php?rest_route=\/wp\/v2\/posts"}],"about":[{"href":"https:\/\/stripa.nu\/index.php?rest_route=\/wp\/v2\/types\/post"}],"author":[{"embeddable":true,"href":"https:\/\/stripa.nu\/index.php?rest_route=\/wp\/v2\/users\/5"}],"replies":[{"embeddable":true,"href":"https:\/\/stripa.nu\/index.php?rest_route=%2Fwp%2Fv2%2Fcomments&post=48571"}],"version-history":[{"count":29,"href":"https:\/\/stripa.nu\/index.php?rest_route=\/wp\/v2\/posts\/48571\/revisions"}],"predecessor-version":[{"id":48615,"href":"https:\/\/stripa.nu\/index.php?rest_route=\/wp\/v2\/posts\/48571\/revisions\/48615"}],"wp:featuredmedia":[{"embeddable":true,"href":"https:\/\/stripa.nu\/index.php?rest_route=\/wp\/v2\/media\/48613"}],"wp:attachment":[{"href":"https:\/\/stripa.nu\/index.php?rest_route=%2Fwp%2Fv2%2Fmedia&parent=48571"}],"wp:term":[{"taxonomy":"category","embeddable":true,"href":"https:\/\/stripa.nu\/index.php?rest_route=%2Fwp%2Fv2%2Fcategories&post=48571"},{"taxonomy":"post_tag","embeddable":true,"href":"https:\/\/stripa.nu\/index.php?rest_route=%2Fwp%2Fv2%2Ftags&post=48571"}],"curies":[{"name":"wp","href":"https:\/\/api.w.org\/{rel}","templated":true}]}}