{"id":49673,"date":"2025-10-08T21:00:19","date_gmt":"2025-10-08T19:00:19","guid":{"rendered":"https:\/\/stripa.nu\/?p=49673"},"modified":"2025-10-11T19:34:38","modified_gmt":"2025-10-11T17:34:38","slug":"vaer-aerlig-om-maten","status":"publish","type":"post","link":"https:\/\/stripa.nu\/?p=49673","title":{"rendered":"V\u00e6r \u00e6rlig om maten"},"content":{"rendered":"<p>Skriveriene om <a href=\"https:\/\/stripa.nu\/?tag=dagligvarer\" target=\"_blank\" rel=\"noopener\">mat<\/a> vil ingen ende ta. Denne gangen handler det om juks, blanding av kj\u00f8tt og tvilsom merking. Stripa vil si noen klare om dette og hva konsekvensen inneb\u00e6rer for folk flest. Butikkjedene forst\u00e5r ikke dette og <a href=\"https:\/\/stripa.nu\/?p=43440\">bryr seg<\/a> ikke.<!--more--><\/p>\n<p>Det er som alt skrevet, lett \u00e5 ta feil<\/p>\n<p><strong>Mathelse<\/strong><\/p>\n<p>Det er ingen tvil om at norskt kj\u00f8tt er det beste i verden og at vi har best helse med tanke p\u00e5 maten v\u00e5r. N\u00e5r Meny, Rema1000 og <a href=\"https:\/\/www.tv2.no\/nyheter\/innenriks\/ut-mot-kiwi-folk-er-lei-av-a-bli-lurt\/18090480\/\" target=\"_blank\" rel=\"noopener\">Kiwi<\/a> pr\u00f8ver seg p\u00e5 billige unnskyldninger, s\u00e5 bare dummer de seg ut. De tror forbrukerne er hjelpel\u00f8se idioter som ikke skj\u00f8nner noen ting. Virkeligheten er stikk motsatt. I en tid der prisene skytet i v\u00e6re, s\u00e5 er forbrukerne blitt mer <a href=\"https:\/\/stripa.nu\/?p=40818\">bevisste<\/a>.<\/p>\n<p><a href=\"https:\/\/no.wikipedia.org\/wiki\/Ola_og_Kari_Nordmann\" target=\"_blank\" rel=\"noopener\">Ola<\/a>, <a href=\"https:\/\/no.wikipedia.org\/wiki\/Ola_og_Kari_Nordmann\" target=\"_blank\" rel=\"noopener\">Kari<\/a>, Ali og Fatima vil vite hvor maten er fra og hvorfor den er blitt s\u00e5 dyr. For det man ikke tenker p\u00e5, er at kj\u00f8ttet fra Tyskland n\u00e6rmest renner over av <a href=\"https:\/\/steigan.no\/2021\/03\/det-importerte-tyske-kjottet-kan-vaere-farligere-enn-du-tror\/\" target=\"_blank\" rel=\"noopener\">antibiotika<\/a>. Det er ikke bra p\u00e5 noen m\u00e5ter. EU har et likegyldig og lettvint syn p\u00e5 merking, mathelse og fornuftig bruk av tilsetninger i kj\u00f8ttet.<\/p>\n<p><strong>Tydeligere merking<\/strong><\/p>\n<p>En annen ting matvarekjedene ikke har tenkt p\u00e5, er virkningen og effekten av \u00e5 blande sammen norsk og <a href=\"https:\/\/www.tv2.no\/nyheter\/norfersk-tilbakekaller-kjottdeig-etter-funn-av-salmonella\/18139007\/\" target=\"_blank\" rel=\"noopener\">utenlandsk<\/a> kj\u00f8tt. Folk flest i Norge st\u00f8tter sitt eget landbruk. Importkj\u00f8tt burde v\u00e6re i egen hylle med egen merking. Men vi vet at dette vil ikke Meny, Rema 1000, Kiwi eller Xtra gj\u00f8re. Fordi eierne deres jukser. Akkurat som med <a href=\"https:\/\/stripa.nu\/?p=47423\">matpriser<\/a> og det de selv kaller &laquo;tilbud&raquo;.<\/p>\n<p>Det handler mest om salg, profitt og alts\u00e5 i praksis: ren inntjening. Fremfor kundenes sikkerhet og <a href=\"https:\/\/www.tv2.no\/nyheter\/forbruker\/fort-gjort-a-ta-feil\/17676949\/\" target=\"_blank\" rel=\"noopener\">helse<\/a>. Den spiller de revolverrulett med og trekker likegyldig p\u00e5 skulderne. Noe alene som kjedene burde v\u00e6rt straffet for. Med skyh\u00f8yeb\u00f8ter og fengselsdommer som m\u00e5 sones.<\/p>\n<p>Men s\u00e5 lenge vi har blodfattige og feige politikere, s\u00e5 skjer det neppe noe som <a href=\"https:\/\/e24.no\/norsk-oekonomi\/i\/LMKWyJ\/matprisene-steg-med-59-prosent-i-juli-uvanlig-hoey-vekst\" target=\"_blank\" rel=\"noopener\">helst<\/a>. Tydeligere merking av kj\u00f8tt og mat burde lovfestes.<\/p>\n<p><strong>Hygiene og sikkerhet<\/strong><\/p>\n<p>En annen ting er hygienen og sikkerheten. Den er ikke alltid like god i <a href=\"https:\/\/en.wikipedia.org\/wiki\/European_Union\" target=\"_blank\" rel=\"noopener\">EU-land<\/a>. De frie marke er ogs\u00e5, gi blanke blaffens marked. Penger f\u00f8rst. Om en forbruker d\u00f8r av maten? Nei, huff s\u00e5 leit. Det er den d\u00f8nn kyniske tankegangen. Men s\u00e5 lenge de fikk sin profitt, s\u00e5 er det ikke like n\u00f8ye. N\u00e5r vi importerer kj\u00f8tt fra <a href=\"https:\/\/www.nrk.no\/tromsogfinnmark\/norgesgruppen-med-tysk-kjott-i-sine-produkter-_-coop-har-ingen-problemer-1.17528291\" target=\"_blank\" rel=\"noopener\">Tyskland<\/a> s\u00e5 m\u00e5 det ogs\u00e5 stilles krav om nettopp hygiene og sikkerhet.<br \/>\n<img loading=\"lazy\" decoding=\"async\" class=\"alignleft size-full wp-image-49748\" src=\"http:\/\/stripa.nu\/wp-content\/uploads\/2025\/10\/minced-meat-1747908_1920.jpg\" alt=\"\" width=\"678\" height=\"381\" srcset=\"https:\/\/stripa.nu\/wp-content\/uploads\/2025\/10\/minced-meat-1747908_1920.jpg 678w, https:\/\/stripa.nu\/wp-content\/uploads\/2025\/10\/minced-meat-1747908_1920-300x169.jpg 300w\" sizes=\"auto, (max-width: 678px) 100vw, 678px\" \/>Stripa v\u00e5ger ogs\u00e5 \u00e5 stille sp\u00f8rsm\u00e5let om hvorfor vi <a href=\"https:\/\/www.tv2.no\/nyheter\/innenriks\/mangel-pa-norsk-kjott-haper-pa-bedring\/17672923\/\" target=\"_blank\" rel=\"noopener\">importerer<\/a> kj\u00f8tt fra andre land. Det p\u00e5st\u00e5s at vi ikke har nok kj\u00f8tt her i Norge. Det er nok en del av dette tvilsomme spillet norske politikere driver med. Ovenfor EU, FN og ikke minst World Economic Forum. Tjen mest mulig penger, gj\u00f8r folk syke og skap ustabilitet i land etter land.<\/p>\n<p><strong>Slutt \u00e5 lyve<\/strong><\/p>\n<p>Dette er ikke p\u00e5 siden. Mat er et middel til m\u00e5let. Alle vet vi om <a href=\"https:\/\/en.wikipedia.org\/wiki\/Sustainable_Development_Goals\" target=\"_blank\" rel=\"noopener\">2030 planen<\/a> og dette er et skritt mot den. St\u00f8res nye og kommende regjering burde tjene sitt folk f\u00f8rst og v\u00e6re \u00e6rlige. F\u00f8rste bud er \u00e5 lovp\u00e5legge matvarekjedene \u00e5 <a href=\"https:\/\/www.nrk.no\/innlandet\/trodde-du-matmerket-_nyt-norge_-betyr-at-maten-er-norsk_-1.16717181\" target=\"_blank\" rel=\"noopener\">merke maten<\/a> sin skikkelig og ikke importere s\u00f8plemat til Norge. Slutt \u00e5 lyve, slutt med det skitne spillet dere bedriver og \u00f8k standarden.<\/p>\n<p>For per idag er den lav, skandal\u00f8st lav. Folk flest oppfordrer vi til \u00e5 sjekke maten f\u00f8r de legger den i handlekurven. Bruk ogs\u00e5 sosiale medier til \u00e5 kalle ut og sette de som driver med l\u00f8gn i offentlig digital <a href=\"https:\/\/www.tv2.no\/nyheter\/innenriks\/se-hva-de-fant-i-kjottdeigen\/16862934\/\" target=\"_blank\" rel=\"noopener\">gapestokk<\/a>. Vi vil ha skikkelig og godt merket mat. Ikke tysk eller europeisk s\u00f8ppel som ikke engang bikkja din vil ha.<\/p>\n<p>Artikkelen ble skrevet 08. <a href=\"https:\/\/en.wikipedia.org\/wiki\/October\" target=\"_blank\" rel=\"noopener\">Oktober<\/a> <a href=\"https:\/\/no.wikipedia.org\/wiki\/2025\" target=\"_blank\" rel=\"noopener\">2025<\/a>, 21:00<br \/>\nDen ble oppdatert 08. <a href=\"https:\/\/en.wikipedia.org\/wiki\/October\" target=\"_blank\" rel=\"noopener\">Oktober<\/a> <a href=\"https:\/\/no.wikipedia.org\/wiki\/2025\" target=\"_blank\" rel=\"noopener\">2025<\/a>, 21:15.<\/p>\n","protected":false},"excerpt":{"rendered":"<div class=\"mh-excerpt\"><p>Skriveriene om mat vil ingen ende ta. Denne gangen handler det om juks, blanding av kj\u00f8tt og tvilsom merking. Stripa vil si noen klare om dette og hva konsekvensen inneb\u00e6rer for folk flest. Butikkjedene forst\u00e5r <a class=\"mh-excerpt-more\" href=\"https:\/\/stripa.nu\/?p=49673\" title=\"V\u00e6r \u00e6rlig om maten\">[&#8230;]<\/a><\/p>\n<\/div>","protected":false},"author":5,"featured_media":49749,"comment_status":"closed","ping_status":"open","sticky":false,"template":"","format":"standard","meta":{"footnotes":""},"categories":[2,3,22],"tags":[12079,13685,1362,3199,11038,28,1761,10214,10325,10326,10113,10114,2408,1361,1744,4168,426,6701,4085,13327,9733,4170,542,916,567,566,10947,3114,13689,10953,1754,9868,10508,10509,206,207,9842,1017,3359,10233,12934,10310,10511,10954,1503,172,29,603,2635,11397,13694,255,1544,496,9869,4246,2380,10225,10208,13348,305,13693,670,10514,13692,13684,13691,8732,10944,636,10619,18,697,705,10952,633,1654,7316,4169,10188,61,10315,1590,13190,16,993,10627,568,102,513,846,10190,495,10296,544,494,11539,13604,2967,2396,13690,13688,6,512,895,10956,1105,13687,197,8725,13686,101,10129,706,10506,8738,9047,9048],"class_list":{"0":"post-49673","1":"post","2":"type-post","3":"status-publish","4":"format-standard","5":"has-post-thumbnail","7":"category-feltloggings","8":"category-nyhetsskit","9":"category-ufiltra","10":"tag-12079","11":"tag-2030-agenda","12":"tag-absurd","13":"tag-absurdia","14":"tag-ah-nej-nej","15":"tag-aktuelt","16":"tag-betraktninger","17":"tag-bloeff","18":"tag-boeff","19":"tag-boeff-og-bloeff","20":"tag-broeff","21":"tag-broeffebroeff","22":"tag-broh","23":"tag-bruff","24":"tag-bruh","25":"tag-brutah","26":"tag-bubinga","27":"tag-bubingah","28":"tag-bullshit","29":"tag-bullshit-101","30":"tag-coop","31":"tag-daddah","32":"tag-dagligdags","33":"tag-dagliglivet","34":"tag-dagligvarehandel","35":"tag-dagligvarer","36":"tag-de-lurer-deg","37":"tag-den-nye-hverdagen","38":"tag-digital-gapestokk","39":"tag-dritt-og-moekk","40":"tag-duh","41":"tag-dyr-mat","42":"tag-dyrt","43":"tag-dyrt-og-saant","44":"tag-eu","45":"tag-europa","46":"tag-fn","47":"tag-forbruk","48":"tag-galskap-i-praksis","49":"tag-hoest","50":"tag-hoesten-2025","51":"tag-hoeye-priser","52":"tag-hoeye-matpriser","53":"tag-hoje-matpriser","54":"tag-hverdagslig","55":"tag-hverdagsliv","56":"tag-i-media","57":"tag-ironi","58":"tag-juks-og-fanteri","59":"tag-kjoett","60":"tag-kjoettfarsen","61":"tag-kommentar","62":"tag-kommentaren","63":"tag-kritikk","64":"tag-kynisk-spill","65":"tag-kynisme","66":"tag-livet","67":"tag-livet-og-saant","68":"tag-loegn","69":"tag-marked-og-oekonom","70":"tag-mat","71":"tag-mat-fra-eu","72":"tag-mat-og-drikke","73":"tag-mat-og-saant","74":"tag-matimport","75":"tag-matkvalitet","76":"tag-matmerking","77":"tag-matpriser","78":"tag-matvarepriser","79":"tag-matvarer","80":"tag-matvarer-og-saant","81":"tag-media","82":"tag-medier","83":"tag-meninger","84":"tag-misnoje","85":"tag-moral","86":"tag-moral-og-etikk","87":"tag-moralsk-ansvar","88":"tag-mutah","89":"tag-nett-paa-sak","90":"tag-norge","91":"tag-oekonomi","92":"tag-oktober","93":"tag-oktober-2025","94":"tag-oslo","95":"tag-politikk","96":"tag-prisbloeff","97":"tag-priser","98":"tag-rablerier","99":"tag-redaksjonelt","100":"tag-rema-1000","101":"tag-rett-paa-sak","102":"tag-samfunn","103":"tag-samfunnet-og-saant","104":"tag-sarkasme","105":"tag-satire","106":"tag-senhoest","107":"tag-senhoesten-2025","108":"tag-sis","109":"tag-sistah","110":"tag-slutt-aa-lure-oss","111":"tag-soeplemat","112":"tag-stripa","113":"tag-stripa-nu","114":"tag-stripeliv","115":"tag-systematisk-juks","116":"tag-tanker","117":"tag-tysk-dritt","118":"tag-tyskland","119":"tag-uggah-buggah","120":"tag-utenlandskt-kjoett","121":"tag-verden","122":"tag-verden-og-saant","123":"tag-vi-mener","124":"tag-vi-kritiserer","125":"tag-villet-politikk","126":"tag-wef","127":"tag-world-economic-forum"},"_links":{"self":[{"href":"https:\/\/stripa.nu\/index.php?rest_route=\/wp\/v2\/posts\/49673","targetHints":{"allow":["GET"]}}],"collection":[{"href":"https:\/\/stripa.nu\/index.php?rest_route=\/wp\/v2\/posts"}],"about":[{"href":"https:\/\/stripa.nu\/index.php?rest_route=\/wp\/v2\/types\/post"}],"author":[{"embeddable":true,"href":"https:\/\/stripa.nu\/index.php?rest_route=\/wp\/v2\/users\/5"}],"replies":[{"embeddable":true,"href":"https:\/\/stripa.nu\/index.php?rest_route=%2Fwp%2Fv2%2Fcomments&post=49673"}],"version-history":[{"count":29,"href":"https:\/\/stripa.nu\/index.php?rest_route=\/wp\/v2\/posts\/49673\/revisions"}],"predecessor-version":[{"id":49751,"href":"https:\/\/stripa.nu\/index.php?rest_route=\/wp\/v2\/posts\/49673\/revisions\/49751"}],"wp:featuredmedia":[{"embeddable":true,"href":"https:\/\/stripa.nu\/index.php?rest_route=\/wp\/v2\/media\/49749"}],"wp:attachment":[{"href":"https:\/\/stripa.nu\/index.php?rest_route=%2Fwp%2Fv2%2Fmedia&parent=49673"}],"wp:term":[{"taxonomy":"category","embeddable":true,"href":"https:\/\/stripa.nu\/index.php?rest_route=%2Fwp%2Fv2%2Fcategories&post=49673"},{"taxonomy":"post_tag","embeddable":true,"href":"https:\/\/stripa.nu\/index.php?rest_route=%2Fwp%2Fv2%2Ftags&post=49673"}],"curies":[{"name":"wp","href":"https:\/\/api.w.org\/{rel}","templated":true}]}}