{"id":8211,"date":"2018-04-04T20:00:09","date_gmt":"2018-04-04T18:00:09","guid":{"rendered":"http:\/\/stripa.nu\/?p=8211"},"modified":"2025-07-26T16:29:26","modified_gmt":"2025-07-26T14:29:26","slug":"bildeserie-fuglene","status":"publish","type":"post","link":"https:\/\/stripa.nu\/?p=8211","title":{"rendered":"Bildeserie: Fuglene"},"content":{"rendered":"<p><a href=\"https:\/\/en.wikipedia.org\/wiki\/Alfred_Hitchcock\" target=\"_blank\" rel=\"noopener noreferrer\">Hichcock<\/a>. Fuglene. H\u00f8res jo nesten ut som gr\u00f8ss og gru. Men det er slettes ikke s\u00e5 ille. Som i navnet handler billedserien om fugler i alle fasonger. Fra alle \u00e5rstider fra 2010 og frem til dags dato.<br \/>\nVi i <a href=\"http:\/\/stripa.nu\/?page_id=592\">Stripa<\/a> synes fugler er vakre og elskelige skapninger.<br \/>\n<!--more--><\/p>\n<p>Der de flyver over v\u00e5res hoder. H\u00f8yt eller lavt.<br \/>\nAlle bilder tas (eller har blitt) av kameraer fra <a href=\"http:\/\/stripa.nu\/?p=1745\">kameraparken<\/a>.<br \/>\n<img loading=\"lazy\" decoding=\"async\" class=\"alignleft wp-image-13493 size-full\" title=\"I fritt svev. Foto: Pixabay.\" src=\"http:\/\/stripa.nu\/wp-content\/uploads\/2018\/04\/seagull-3465550_1920.jpg\" alt=\"\" width=\"678\" height=\"381\" srcset=\"https:\/\/stripa.nu\/wp-content\/uploads\/2018\/04\/seagull-3465550_1920.jpg 678w, https:\/\/stripa.nu\/wp-content\/uploads\/2018\/04\/seagull-3465550_1920-300x169.jpg 300w\" sizes=\"auto, (max-width: 678px) 100vw, 678px\" \/><\/p>\n<p>\u2022 <a href=\"https:\/\/stripa.nu\/?p=45566\">Hettem\u00e5ke i svevet II<\/a> (18.05.2024)<br \/>\n\u2022 <a href=\"https:\/\/stripa.nu\/?p=46054\">I sitt svev<\/a> (09.05.2025)<br \/>\n\u2022 <a href=\"http:\/\/stripa.nu\/?p=40581\">Hettem\u00e5ke i svevet<\/a> (12.09.2024)<br \/>\n\u2022 <a href=\"http:\/\/stripa.nu\/?p=39225\">Skvadron Pip IV<\/a> (06.06.2024)<br \/>\n\u2022 <a href=\"http:\/\/stripa.nu\/?p=35850\">Fly fly mot din sky II<\/a> (07.10.2023)<br \/>\n\u2022 <a href=\"http:\/\/stripa.nu\/?p=30281\">Kampen for tilv\u00e6relsen II<\/a> (01.09.2022)<br \/>\n\u2022 <a href=\"http:\/\/stripa.nu\/?p=30228\">Nei fydda!<\/a> (18.08.2022)<br \/>\n\u2022 <a href=\"http:\/\/stripa.nu\/?p=29426\">Fly fly mot din sky<\/a> (21.07.2022)<br \/>\n\u2022 <a href=\"http:\/\/stripa.nu\/?p=28494\">Par i hjerter II<\/a> (27.06.2022)<br \/>\n\u2022 <a href=\"http:\/\/stripa.nu\/?p=27998\">And p\u00e5 strand<\/a> (19.06.2022)<br \/>\n\u2022 <a href=\"http:\/\/stripa.nu\/?p=26223\">Kampen for tilv\u00e6relsen<\/a> (03.12.2021)<br \/>\n\u2022 <a href=\"http:\/\/stripa.nu\/?p=22687\">Fly fly avsted<\/a> (25.03.2021)<br \/>\n\u2022 <a href=\"http:\/\/stripa.nu\/?p=14744\">For meg menneskemann<\/a> (06.05.2020)<br \/>\n\u2022 <a href=\"http:\/\/stripa.nu\/?p=15101\">De 11 i svevet<\/a> (11.03.2020)<br \/>\n\u2022 <a href=\"http:\/\/stripa.nu\/?p=16790\">Fritt i svevet<\/a> (06.03.2020)<br \/>\n\u2022 <a href=\"http:\/\/stripa.nu\/?p=8190\">Skvadron Pipip<\/a> (16.09.2018)<\/p>\n<p><strong>Merknad<\/strong>: Bilder har ogs\u00e5 blitt med:\u00a0<a href=\"https:\/\/en.wikipedia.org\/wiki\/Canon_EOS_1000D\" target=\"_blank\" rel=\"noopener\">Canon EOS 1000D<\/a>, <a href=\"https:\/\/en.wikipedia.org\/wiki\/Canon_EOS_30D\" target=\"_blank\" rel=\"noopener\">Canon EOS 30D<\/a> og <a href=\"https:\/\/en.wikipedia.org\/wiki\/Canon_EOS_40D\" target=\"_blank\" rel=\"noopener\">Canon EOS 40D<\/a>.<\/p>\n<p>\u2022 <a href=\"http:\/\/www.stripa.nu\/\">Hjem<\/a> \u2022 <a href=\"http:\/\/stripa.nu\/?page_id=1602\">Fotografi<\/a><\/p>\n","protected":false},"excerpt":{"rendered":"<div class=\"mh-excerpt\"><p>Hichcock. Fuglene. H\u00f8res jo nesten ut som gr\u00f8ss og gru. Men det er slettes ikke s\u00e5 ille. Som i navnet handler billedserien om fugler i alle fasonger. Fra alle \u00e5rstider fra 2010 og frem til <a class=\"mh-excerpt-more\" href=\"https:\/\/stripa.nu\/?p=8211\" title=\"Bildeserie: Fuglene\">[&#8230;]<\/a><\/p>\n<\/div>","protected":false},"author":3,"featured_media":8213,"comment_status":"closed","ping_status":"open","sticky":false,"template":"","format":"gallery","meta":{"footnotes":""},"categories":[6157,476],"tags":[11330,364,1138,201,289,1063,1214,17,468,725,2637,2983,5055,7359,8907,3022,12079,1687,1588,11402,1688,28,10199,1245,1210,1682,1683,10113,10114,1361,470,1444,11740,1288,11331,1685,1278,11332,1686,1240,1290,11333,471,1466,916,1244,832,1681,925,123,1451,505,469,208,1346,1592,491,1684,1675,1666,1665,238,10130,1503,172,472,69,68,186,61,16,2967,2396,1280,1113,4267,6,895,79,2487,101,371,7785,10192],"class_list":{"0":"post-8211","1":"post","2":"type-post","3":"status-publish","4":"format-gallery","5":"has-post-thumbnail","7":"category-dyrisk","8":"category-foto","9":"tag-1100d","10":"tag-364","11":"tag-1138","12":"tag-201","13":"tag-289","14":"tag-1063","15":"tag-1214","16":"tag-17","17":"tag-468","18":"tag-725","19":"tag-2637","20":"tag-2983","21":"tag-5055","22":"tag-7359","23":"tag-8907","24":"tag-3022","25":"tag-12079","26":"tag-30d","27":"tag-40d","28":"tag-50d","29":"tag-7d","30":"tag-aktuelt","31":"tag-amateurisme","32":"tag-bilde","33":"tag-bilder","34":"tag-bildeserier","35":"tag-billedserier","36":"tag-broeff","37":"tag-broeffebroeff","38":"tag-bruff","39":"tag-canon","40":"tag-canon-bass","41":"tag-canon-buddy","42":"tag-canon-elfie","43":"tag-canon-eos-1100d","44":"tag-canon-eos-30d","45":"tag-canon-eos-40d","46":"tag-canon-eos-50d","47":"tag-canon-eos7d","48":"tag-canon-ixus-265-hs","49":"tag-canon-marina","50":"tag-canon-rebelicious","51":"tag-canoned","52":"tag-daglidags","53":"tag-dagliglivet","54":"tag-digitalkamera","55":"tag-dyr","56":"tag-dyrefoto","57":"tag-dyreriket","58":"tag-foto","59":"tag-fotofiklerier","60":"tag-fotografering","61":"tag-fotografi","62":"tag-fotomoro","63":"tag-fotostriper","64":"tag-friluftsliv","65":"tag-fritid","66":"tag-fuglefoto","67":"tag-fugleliv","68":"tag-fuglene","69":"tag-fugler","70":"tag-hobby","71":"tag-hoeykultur","72":"tag-hverdagslig","73":"tag-hverdagsliv","74":"tag-illustrativ-kunst","75":"tag-kultur","76":"tag-kulturgreier","77":"tag-moro","78":"tag-norge","79":"tag-oslo","80":"tag-sis","81":"tag-sistah","82":"tag-speilreflekskamera","83":"tag-statisk-innhold","84":"tag-statisk-side","85":"tag-stripa","86":"tag-stripeliv","87":"tag-underholdning","88":"tag-uttrykk","89":"tag-verden","90":"tag-web","91":"tag-webed","92":"tag-webside","93":"post_format-post-format-gallery"},"_links":{"self":[{"href":"https:\/\/stripa.nu\/index.php?rest_route=\/wp\/v2\/posts\/8211","targetHints":{"allow":["GET"]}}],"collection":[{"href":"https:\/\/stripa.nu\/index.php?rest_route=\/wp\/v2\/posts"}],"about":[{"href":"https:\/\/stripa.nu\/index.php?rest_route=\/wp\/v2\/types\/post"}],"author":[{"embeddable":true,"href":"https:\/\/stripa.nu\/index.php?rest_route=\/wp\/v2\/users\/3"}],"replies":[{"embeddable":true,"href":"https:\/\/stripa.nu\/index.php?rest_route=%2Fwp%2Fv2%2Fcomments&post=8211"}],"version-history":[{"count":28,"href":"https:\/\/stripa.nu\/index.php?rest_route=\/wp\/v2\/posts\/8211\/revisions"}],"predecessor-version":[{"id":46086,"href":"https:\/\/stripa.nu\/index.php?rest_route=\/wp\/v2\/posts\/8211\/revisions\/46086"}],"wp:featuredmedia":[{"embeddable":true,"href":"https:\/\/stripa.nu\/index.php?rest_route=\/wp\/v2\/media\/8213"}],"wp:attachment":[{"href":"https:\/\/stripa.nu\/index.php?rest_route=%2Fwp%2Fv2%2Fmedia&parent=8211"}],"wp:term":[{"taxonomy":"category","embeddable":true,"href":"https:\/\/stripa.nu\/index.php?rest_route=%2Fwp%2Fv2%2Fcategories&post=8211"},{"taxonomy":"post_tag","embeddable":true,"href":"https:\/\/stripa.nu\/index.php?rest_route=%2Fwp%2Fv2%2Ftags&post=8211"}],"curies":[{"name":"wp","href":"https:\/\/api.w.org\/{rel}","templated":true}]}}